{"id":87402,"date":"2026-04-30T08:17:20","date_gmt":"2026-04-30T11:17:20","guid":{"rendered":"https:\/\/portal.remanso-noticias.com\/?p=87402"},"modified":"2026-04-30T08:17:21","modified_gmt":"2026-04-30T11:17:21","slug":"remansense-kethiley-emanuely-e-indicada-ao-oscar-do-esporte-baiano","status":"publish","type":"post","link":"https:\/\/portal.remanso-noticias.com\/?p=87402","title":{"rendered":"Remansense Kethiley Emanuely \u00e9 indicada ao \u201cOscar do Esporte Baiano\u201d"},"content":{"rendered":"\n<p>A cidade de Remanso tem mais um motivo de orgulho no cen\u00e1rio esportivo. A paratleta remansense Kethiley Emanuely, ao lado do seu t\u00e9cnico Edinei, foi indicada \u00e0 tradicional premia\u00e7\u00e3o Melhores do Esporte da Bahia, considerada a \u201cnoite do Oscar do esporte baiano\u201d.<\/p>\n\n\n\n<p>A cerim\u00f4nia acontece nesta quinta-feira (30), a partir das 18h, no Armaz\u00e9m Convention, localizado no Shopping Parque, em Lauro de Freitas. O evento \u00e9 promovido pela Superintend\u00eancia dos Desportos do Estado da Bahia, \u00f3rg\u00e3o vinculado \u00e0 Secretaria do Trabalho, Emprego, Renda e Esporte.<\/p>\n\n\n\n<p>Em sua 11\u00aa edi\u00e7\u00e3o, a premia\u00e7\u00e3o re\u00fane os maiores destaques do esporte baiano em 2025, contemplando atletas, t\u00e9cnicos, \u00e1rbitros, dirigentes e profissionais da imprensa esportiva. Ao todo, mais de 100 nomes foram indicados pelas federa\u00e7\u00f5es esportivas estaduais.<\/p>\n\n\n\n<p>Al\u00e9m da atleta e do treinador, \u00e9 fundamental destacar o papel de Paloma, guia de Kethiley, cuja atua\u00e7\u00e3o \u00e9 essencial nas competi\u00e7\u00f5es. No paradesporto, o guia n\u00e3o apenas acompanha o atleta, mas garante orienta\u00e7\u00e3o, ritmo e seguran\u00e7a durante as provas, sendo parte indispens\u00e1vel para o desempenho e os resultados alcan\u00e7ados. Sua dedica\u00e7\u00e3o e sintonia com a paratleta fazem toda a diferen\u00e7a dentro e fora das pistas.<\/p>\n\n\n\n<p>A indica\u00e7\u00e3o de Kethiley Emanuely e do t\u00e9cnico Edinei, somada ao trabalho fundamental de Paloma, representa um marco hist\u00f3rico para Remanso, evidenciando o crescimento e a valoriza\u00e7\u00e3o do esporte no munic\u00edpio, especialmente no paradesporto. O reconhecimento coloca a cidade em evid\u00eancia no cen\u00e1rio estadual e refor\u00e7a a import\u00e2ncia do incentivo ao esporte como ferramenta de inclus\u00e3o e transforma\u00e7\u00e3o social.<\/p>\n","protected":false},"excerpt":{"rendered":"<p>A cidade de Remanso tem mais um motivo de orgulho no cen\u00e1rio esportivo. A paratleta remansense Kethiley Emanuely, ao lado do seu t\u00e9cnico Edinei, foi indicada \u00e0 tradicional premia\u00e7\u00e3o Melhores do Esporte da Bahia, considerada a \u201cnoite do Oscar do esporte baiano\u201d. A cerim\u00f4nia acontece nesta quinta-feira (30), a partir das 18h, no Armaz\u00e9m Convention, [&hellip;]<\/p>\n","protected":false},"author":3,"featured_media":87403,"comment_status":"open","ping_status":"closed","sticky":false,"template":"","format":"standard","meta":{"footnotes":""},"categories":[6],"tags":[],"class_list":["post-87402","post","type-post","status-publish","format-standard","has-post-thumbnail","hentry","category-remanso"],"_links":{"self":[{"href":"https:\/\/portal.remanso-noticias.com\/index.php?rest_route=\/wp\/v2\/posts\/87402","targetHints":{"allow":["GET"]}}],"collection":[{"href":"https:\/\/portal.remanso-noticias.com\/index.php?rest_route=\/wp\/v2\/posts"}],"about":[{"href":"https:\/\/portal.remanso-noticias.com\/index.php?rest_route=\/wp\/v2\/types\/post"}],"author":[{"embeddable":true,"href":"https:\/\/portal.remanso-noticias.com\/index.php?rest_route=\/wp\/v2\/users\/3"}],"replies":[{"embeddable":true,"href":"https:\/\/portal.remanso-noticias.com\/index.php?rest_route=%2Fwp%2Fv2%2Fcomments&post=87402"}],"version-history":[{"count":1,"href":"https:\/\/portal.remanso-noticias.com\/index.php?rest_route=\/wp\/v2\/posts\/87402\/revisions"}],"predecessor-version":[{"id":87404,"href":"https:\/\/portal.remanso-noticias.com\/index.php?rest_route=\/wp\/v2\/posts\/87402\/revisions\/87404"}],"wp:featuredmedia":[{"embeddable":true,"href":"https:\/\/portal.remanso-noticias.com\/index.php?rest_route=\/wp\/v2\/media\/87403"}],"wp:attachment":[{"href":"https:\/\/portal.remanso-noticias.com\/index.php?rest_route=%2Fwp%2Fv2%2Fmedia&parent=87402"}],"wp:term":[{"taxonomy":"category","embeddable":true,"href":"https:\/\/portal.remanso-noticias.com\/index.php?rest_route=%2Fwp%2Fv2%2Fcategories&post=87402"},{"taxonomy":"post_tag","embeddable":true,"href":"https:\/\/portal.remanso-noticias.com\/index.php?rest_route=%2Fwp%2Fv2%2Ftags&post=87402"}],"curies":[{"name":"wp","href":"https:\/\/api.w.org\/{rel}","templated":true}]}}