{"id":87396,"date":"2026-04-29T22:55:19","date_gmt":"2026-04-30T01:55:19","guid":{"rendered":"https:\/\/portal.remanso-noticias.com\/?p=87396"},"modified":"2026-04-29T22:55:21","modified_gmt":"2026-04-30T01:55:21","slug":"apos-4-anos-acm-neto-volta-a-dar-as-caras-em-remanso","status":"publish","type":"post","link":"https:\/\/portal.remanso-noticias.com\/?p=87396","title":{"rendered":"Ap\u00f3s 4 anos, ACM Neto volta a dar as caras em Remanso"},"content":{"rendered":"\n<p>Ap\u00f3s quatro anos sem visitar o munic\u00edpio, o pr\u00e9-candidato ao governo da Bahia, ACM Neto, estar\u00e1 em Remanso, no norte do estado, neste final de semana. A presen\u00e7a do ex-prefeito de Salvador est\u00e1 prevista dentro da programa\u00e7\u00e3o do 19\u00ba Motocross de Remanso.<\/p>\n\n\n\n<p>ACM Neto deve prestigiar o evento esportivo que acontece sob a gest\u00e3o do prefeito Marcos Palmeira e conta com apoio do Governo do Estado da Bahia, que vem ganhando destaque, onde segundo a organiza\u00e7\u00e3o, tem se consolidado como uma das maiores competi\u00e7\u00f5es da modalidade no Nordeste.<\/p>\n","protected":false},"excerpt":{"rendered":"<p>Ap\u00f3s quatro anos sem visitar o munic\u00edpio, o pr\u00e9-candidato ao governo da Bahia, ACM Neto, estar\u00e1 em Remanso, no norte do estado, neste final de semana. A presen\u00e7a do ex-prefeito de Salvador est\u00e1 prevista dentro da programa\u00e7\u00e3o do 19\u00ba Motocross de Remanso. ACM Neto deve prestigiar o evento esportivo que acontece sob a gest\u00e3o do [&hellip;]<\/p>\n","protected":false},"author":3,"featured_media":87397,"comment_status":"open","ping_status":"closed","sticky":false,"template":"","format":"standard","meta":{"footnotes":""},"categories":[6],"tags":[],"class_list":["post-87396","post","type-post","status-publish","format-standard","has-post-thumbnail","hentry","category-remanso"],"_links":{"self":[{"href":"https:\/\/portal.remanso-noticias.com\/index.php?rest_route=\/wp\/v2\/posts\/87396","targetHints":{"allow":["GET"]}}],"collection":[{"href":"https:\/\/portal.remanso-noticias.com\/index.php?rest_route=\/wp\/v2\/posts"}],"about":[{"href":"https:\/\/portal.remanso-noticias.com\/index.php?rest_route=\/wp\/v2\/types\/post"}],"author":[{"embeddable":true,"href":"https:\/\/portal.remanso-noticias.com\/index.php?rest_route=\/wp\/v2\/users\/3"}],"replies":[{"embeddable":true,"href":"https:\/\/portal.remanso-noticias.com\/index.php?rest_route=%2Fwp%2Fv2%2Fcomments&post=87396"}],"version-history":[{"count":1,"href":"https:\/\/portal.remanso-noticias.com\/index.php?rest_route=\/wp\/v2\/posts\/87396\/revisions"}],"predecessor-version":[{"id":87398,"href":"https:\/\/portal.remanso-noticias.com\/index.php?rest_route=\/wp\/v2\/posts\/87396\/revisions\/87398"}],"wp:featuredmedia":[{"embeddable":true,"href":"https:\/\/portal.remanso-noticias.com\/index.php?rest_route=\/wp\/v2\/media\/87397"}],"wp:attachment":[{"href":"https:\/\/portal.remanso-noticias.com\/index.php?rest_route=%2Fwp%2Fv2%2Fmedia&parent=87396"}],"wp:term":[{"taxonomy":"category","embeddable":true,"href":"https:\/\/portal.remanso-noticias.com\/index.php?rest_route=%2Fwp%2Fv2%2Fcategories&post=87396"},{"taxonomy":"post_tag","embeddable":true,"href":"https:\/\/portal.remanso-noticias.com\/index.php?rest_route=%2Fwp%2Fv2%2Ftags&post=87396"}],"curies":[{"name":"wp","href":"https:\/\/api.w.org\/{rel}","templated":true}]}}