{"id":87393,"date":"2026-04-29T12:34:27","date_gmt":"2026-04-29T15:34:27","guid":{"rendered":"https:\/\/portal.remanso-noticias.com\/?p=87393"},"modified":"2026-04-29T12:34:29","modified_gmt":"2026-04-29T15:34:29","slug":"gestao-marcos-palmeira-conquista-selo-compromisso-por-um-municipio-seguro-do-mp-ba","status":"publish","type":"post","link":"https:\/\/portal.remanso-noticias.com\/?p=87393","title":{"rendered":"Gest\u00e3o Marcos Palmeira conquista selo \u201cCompromisso por um Munic\u00edpio Seguro\u201d do MP-BA"},"content":{"rendered":"\n<p>O munic\u00edpio de Remanso foi reconhecido nesta ter\u00e7a-feira (28) com o selo \u201cMunic\u00edpio Seguro\u201d, concedido pelo Minist\u00e9rio P\u00fablico do Estado da Bahia. A certifica\u00e7\u00e3o \u00e9 destinada \u00e0s gest\u00f5es municipais que demonstram compromisso com a organiza\u00e7\u00e3o das pol\u00edticas p\u00fablicas de seguran\u00e7a, preven\u00e7\u00e3o da viol\u00eancia e fortalecimento de a\u00e7\u00f5es integradas.<\/p>\n\n\n\n<p>O an\u00fancio foi feito pelo prefeito Marcos Palmeira, que destacou a import\u00e2ncia da conquista para o munic\u00edpio. Segundo ele, o selo comprova o empenho da gest\u00e3o em garantir mais seguran\u00e7a \u00e0 popula\u00e7\u00e3o. \u201cEsse resultado \u00e9 fruto de muito trabalho, planejamento e dos esfor\u00e7os que estamos fazendo para assegurar mais prote\u00e7\u00e3o para todos os remansenses\u201d, afirmou.<\/p>\n\n\n\n<p>De acordo com o gestor, o avan\u00e7o \u00e9 resultado da atua\u00e7\u00e3o conjunta da Secretaria Municipal de Seguran\u00e7a P\u00fablica e Tr\u00e2nsito, em parceria com as for\u00e7as de seguran\u00e7a, como a Pol\u00edcia Militar e a Pol\u00edcia Civil. A integra\u00e7\u00e3o entre os \u00f3rg\u00e3os tem sido fundamental para o fortalecimento das a\u00e7\u00f5es de combate \u00e0 viol\u00eancia e promo\u00e7\u00e3o da ordem p\u00fablica.<\/p>\n\n\n\n<p>O selo \u201cMunic\u00edpio Seguro\u201d est\u00e1 ligado ao compromisso das cidades com a implementa\u00e7\u00e3o de pol\u00edticas alinhadas ao Sistema \u00danico de Seguran\u00e7a P\u00fablica (SUSP), institu\u00eddo pela Lei n\u00ba 13.675\/2018, al\u00e9m da ado\u00e7\u00e3o de medidas que ampliem a efici\u00eancia na gest\u00e3o da seguran\u00e7a.<\/p>\n","protected":false},"excerpt":{"rendered":"<p>O munic\u00edpio de Remanso foi reconhecido nesta ter\u00e7a-feira (28) com o selo \u201cMunic\u00edpio Seguro\u201d, concedido pelo Minist\u00e9rio P\u00fablico do Estado da Bahia. A certifica\u00e7\u00e3o \u00e9 destinada \u00e0s gest\u00f5es municipais que demonstram compromisso com a organiza\u00e7\u00e3o das pol\u00edticas p\u00fablicas de seguran\u00e7a, preven\u00e7\u00e3o da viol\u00eancia e fortalecimento de a\u00e7\u00f5es integradas. O an\u00fancio foi feito pelo prefeito Marcos [&hellip;]<\/p>\n","protected":false},"author":3,"featured_media":87394,"comment_status":"open","ping_status":"closed","sticky":false,"template":"","format":"standard","meta":{"footnotes":""},"categories":[6],"tags":[],"class_list":["post-87393","post","type-post","status-publish","format-standard","has-post-thumbnail","hentry","category-remanso"],"_links":{"self":[{"href":"https:\/\/portal.remanso-noticias.com\/index.php?rest_route=\/wp\/v2\/posts\/87393","targetHints":{"allow":["GET"]}}],"collection":[{"href":"https:\/\/portal.remanso-noticias.com\/index.php?rest_route=\/wp\/v2\/posts"}],"about":[{"href":"https:\/\/portal.remanso-noticias.com\/index.php?rest_route=\/wp\/v2\/types\/post"}],"author":[{"embeddable":true,"href":"https:\/\/portal.remanso-noticias.com\/index.php?rest_route=\/wp\/v2\/users\/3"}],"replies":[{"embeddable":true,"href":"https:\/\/portal.remanso-noticias.com\/index.php?rest_route=%2Fwp%2Fv2%2Fcomments&post=87393"}],"version-history":[{"count":1,"href":"https:\/\/portal.remanso-noticias.com\/index.php?rest_route=\/wp\/v2\/posts\/87393\/revisions"}],"predecessor-version":[{"id":87395,"href":"https:\/\/portal.remanso-noticias.com\/index.php?rest_route=\/wp\/v2\/posts\/87393\/revisions\/87395"}],"wp:featuredmedia":[{"embeddable":true,"href":"https:\/\/portal.remanso-noticias.com\/index.php?rest_route=\/wp\/v2\/media\/87394"}],"wp:attachment":[{"href":"https:\/\/portal.remanso-noticias.com\/index.php?rest_route=%2Fwp%2Fv2%2Fmedia&parent=87393"}],"wp:term":[{"taxonomy":"category","embeddable":true,"href":"https:\/\/portal.remanso-noticias.com\/index.php?rest_route=%2Fwp%2Fv2%2Fcategories&post=87393"},{"taxonomy":"post_tag","embeddable":true,"href":"https:\/\/portal.remanso-noticias.com\/index.php?rest_route=%2Fwp%2Fv2%2Ftags&post=87393"}],"curies":[{"name":"wp","href":"https:\/\/api.w.org\/{rel}","templated":true}]}}