{"id":87384,"date":"2026-04-29T08:43:36","date_gmt":"2026-04-29T11:43:36","guid":{"rendered":"https:\/\/portal.remanso-noticias.com\/?p=87384"},"modified":"2026-04-29T08:43:37","modified_gmt":"2026-04-29T11:43:37","slug":"quer-casar-remanso-inicia-inscricoes-para-casamento-comunitario-2026","status":"publish","type":"post","link":"https:\/\/portal.remanso-noticias.com\/?p=87384","title":{"rendered":"Quer casar? Remanso inicia inscri\u00e7\u00f5es para Casamento Comunit\u00e1rio 2026"},"content":{"rendered":"\n<p>A Secretaria de Desenvolvimento Social de Remanso anunciou a abertura das inscri\u00e7\u00f5es para o Casamento Comunit\u00e1rio 2026, iniciativa que visa oficializar gratuitamente a uni\u00e3o de casais no munic\u00edpio de Remanso.<\/p>\n\n\n\n<p>Os interessados devem procurar o CRAS de refer\u00eancia, com atendimento das 08h \u00e0s 19h, para realizar o cadastro. Para participar, \u00e9 necess\u00e1rio apresentar os seguintes documentos: RG, CPF, certid\u00e3o de nascimento e comprovante de resid\u00eancia.<\/p>\n\n\n\n<p>A a\u00e7\u00e3o tem como objetivo garantir o acesso ao casamento civil para casais que desejam formalizar a uni\u00e3o, promovendo cidadania e inclus\u00e3o social no munic\u00edpio.<br><br>Edere\u00e7os dos CRAS<br><br><strong>CRAS Vila Santana<\/strong><br>Rua: Walter de Souza n\u00ba 429, Jardim Esplanada<\/p>\n\n\n\n<p><strong>CRAS \u00c1rea Industrial<\/strong><br>Avenida Jos\u00e9 Dias Ribeiro, n\u00ba 399, \u00c1rea Industrial.<\/p>\n","protected":false},"excerpt":{"rendered":"<p>A Secretaria de Desenvolvimento Social de Remanso anunciou a abertura das inscri\u00e7\u00f5es para o Casamento Comunit\u00e1rio 2026, iniciativa que visa oficializar gratuitamente a uni\u00e3o de casais no munic\u00edpio de Remanso. Os interessados devem procurar o CRAS de refer\u00eancia, com atendimento das 08h \u00e0s 19h, para realizar o cadastro. Para participar, \u00e9 necess\u00e1rio apresentar os seguintes [&hellip;]<\/p>\n","protected":false},"author":3,"featured_media":87385,"comment_status":"open","ping_status":"closed","sticky":false,"template":"","format":"standard","meta":{"footnotes":""},"categories":[6],"tags":[],"class_list":["post-87384","post","type-post","status-publish","format-standard","has-post-thumbnail","hentry","category-remanso"],"_links":{"self":[{"href":"https:\/\/portal.remanso-noticias.com\/index.php?rest_route=\/wp\/v2\/posts\/87384","targetHints":{"allow":["GET"]}}],"collection":[{"href":"https:\/\/portal.remanso-noticias.com\/index.php?rest_route=\/wp\/v2\/posts"}],"about":[{"href":"https:\/\/portal.remanso-noticias.com\/index.php?rest_route=\/wp\/v2\/types\/post"}],"author":[{"embeddable":true,"href":"https:\/\/portal.remanso-noticias.com\/index.php?rest_route=\/wp\/v2\/users\/3"}],"replies":[{"embeddable":true,"href":"https:\/\/portal.remanso-noticias.com\/index.php?rest_route=%2Fwp%2Fv2%2Fcomments&post=87384"}],"version-history":[{"count":1,"href":"https:\/\/portal.remanso-noticias.com\/index.php?rest_route=\/wp\/v2\/posts\/87384\/revisions"}],"predecessor-version":[{"id":87386,"href":"https:\/\/portal.remanso-noticias.com\/index.php?rest_route=\/wp\/v2\/posts\/87384\/revisions\/87386"}],"wp:featuredmedia":[{"embeddable":true,"href":"https:\/\/portal.remanso-noticias.com\/index.php?rest_route=\/wp\/v2\/media\/87385"}],"wp:attachment":[{"href":"https:\/\/portal.remanso-noticias.com\/index.php?rest_route=%2Fwp%2Fv2%2Fmedia&parent=87384"}],"wp:term":[{"taxonomy":"category","embeddable":true,"href":"https:\/\/portal.remanso-noticias.com\/index.php?rest_route=%2Fwp%2Fv2%2Fcategories&post=87384"},{"taxonomy":"post_tag","embeddable":true,"href":"https:\/\/portal.remanso-noticias.com\/index.php?rest_route=%2Fwp%2Fv2%2Ftags&post=87384"}],"curies":[{"name":"wp","href":"https:\/\/api.w.org\/{rel}","templated":true}]}}