{"id":87381,"date":"2026-04-29T08:21:31","date_gmt":"2026-04-29T11:21:31","guid":{"rendered":"https:\/\/portal.remanso-noticias.com\/?p=87381"},"modified":"2026-04-29T08:21:32","modified_gmt":"2026-04-29T11:21:32","slug":"rio-sao-francisco-impressiona-e-toma-conta-da-prainha-de-amaralina-em-remanso","status":"publish","type":"post","link":"https:\/\/portal.remanso-noticias.com\/?p=87381","title":{"rendered":"Rio S\u00e3o Francisco impressiona e toma conta da Prainha de Amaralina em Remanso"},"content":{"rendered":"\n<p>O Rio S\u00e3o Francisco tem roubado a cena na Prainha de Amaralina, no munic\u00edpio de Remanso, no norte da Bahia. <br><br>Com o Reservat\u00f3rio de Sobradinho operando pr\u00f3ximo dos 100% de sua capacidade nesta quarta-feira (29), as imagens impressionam pelo volume de \u00e1gua que j\u00e1 alcan\u00e7a \u00e1reas pr\u00f3ximas \u00e0 prainha.<\/p>\n\n\n\n<p>O cen\u00e1rio, que chama a aten\u00e7\u00e3o de moradores e visitantes, revela a for\u00e7a do Velho Chico em um dos per\u00edodos de maior cheia dos \u00faltimos tempos.<\/p>\n","protected":false},"excerpt":{"rendered":"<p>O Rio S\u00e3o Francisco tem roubado a cena na Prainha de Amaralina, no munic\u00edpio de Remanso, no norte da Bahia. Com o Reservat\u00f3rio de Sobradinho operando pr\u00f3ximo dos 100% de sua capacidade nesta quarta-feira (29), as imagens impressionam pelo volume de \u00e1gua que j\u00e1 alcan\u00e7a \u00e1reas pr\u00f3ximas \u00e0 prainha. O cen\u00e1rio, que chama a aten\u00e7\u00e3o [&hellip;]<\/p>\n","protected":false},"author":3,"featured_media":87382,"comment_status":"open","ping_status":"closed","sticky":false,"template":"","format":"standard","meta":{"footnotes":""},"categories":[6],"tags":[],"class_list":["post-87381","post","type-post","status-publish","format-standard","has-post-thumbnail","hentry","category-remanso"],"_links":{"self":[{"href":"https:\/\/portal.remanso-noticias.com\/index.php?rest_route=\/wp\/v2\/posts\/87381","targetHints":{"allow":["GET"]}}],"collection":[{"href":"https:\/\/portal.remanso-noticias.com\/index.php?rest_route=\/wp\/v2\/posts"}],"about":[{"href":"https:\/\/portal.remanso-noticias.com\/index.php?rest_route=\/wp\/v2\/types\/post"}],"author":[{"embeddable":true,"href":"https:\/\/portal.remanso-noticias.com\/index.php?rest_route=\/wp\/v2\/users\/3"}],"replies":[{"embeddable":true,"href":"https:\/\/portal.remanso-noticias.com\/index.php?rest_route=%2Fwp%2Fv2%2Fcomments&post=87381"}],"version-history":[{"count":1,"href":"https:\/\/portal.remanso-noticias.com\/index.php?rest_route=\/wp\/v2\/posts\/87381\/revisions"}],"predecessor-version":[{"id":87383,"href":"https:\/\/portal.remanso-noticias.com\/index.php?rest_route=\/wp\/v2\/posts\/87381\/revisions\/87383"}],"wp:featuredmedia":[{"embeddable":true,"href":"https:\/\/portal.remanso-noticias.com\/index.php?rest_route=\/wp\/v2\/media\/87382"}],"wp:attachment":[{"href":"https:\/\/portal.remanso-noticias.com\/index.php?rest_route=%2Fwp%2Fv2%2Fmedia&parent=87381"}],"wp:term":[{"taxonomy":"category","embeddable":true,"href":"https:\/\/portal.remanso-noticias.com\/index.php?rest_route=%2Fwp%2Fv2%2Fcategories&post=87381"},{"taxonomy":"post_tag","embeddable":true,"href":"https:\/\/portal.remanso-noticias.com\/index.php?rest_route=%2Fwp%2Fv2%2Ftags&post=87381"}],"curies":[{"name":"wp","href":"https:\/\/api.w.org\/{rel}","templated":true}]}}