{"id":87374,"date":"2026-04-27T13:18:29","date_gmt":"2026-04-27T16:18:29","guid":{"rendered":"https:\/\/portal.remanso-noticias.com\/?p=87374"},"modified":"2026-04-27T13:35:11","modified_gmt":"2026-04-27T16:35:11","slug":"secretario-de-remanso-participa-de-congresso-e-reforca-melhorias-na-saude","status":"publish","type":"post","link":"https:\/\/portal.remanso-noticias.com\/?p=87374","title":{"rendered":"Secret\u00e1rio Antonio Moura participa de congresso e destaca avan\u00e7os na sa\u00fade"},"content":{"rendered":"\n<p>O secret\u00e1rio de Sa\u00fade de Remanso, Antonio Moura, esteve presente no 12\u00ba Congresso do Cosems Bahia, realizado no domingo (26), no Centro de Conven\u00e7\u00f5es de Salvador, evento que reuniu gestores municipais, representantes do Minist\u00e9rio da Sa\u00fade e profissionais da \u00e1rea para discutir os desafios e avan\u00e7os da sa\u00fade p\u00fablica no estado.<\/p>\n\n\n\n<p>Durante o encontro, que teve como tema \u201cO novo paradigma da Aten\u00e7\u00e3o Especializada na Bahia: da fila ao cuidado integral\u201d, foram debatidas estrat\u00e9gias para tornar o atendimento especializado mais \u00e1gil, acess\u00edvel e organizado para a popula\u00e7\u00e3o. A participa\u00e7\u00e3o de Antonio Moura refor\u00e7a o compromisso de Remanso em acompanhar de perto as pol\u00edticas p\u00fablicas e buscar solu\u00e7\u00f5es que possam ser aplicadas no munic\u00edpio.<\/p>\n\n\n\n<p>A programa\u00e7\u00e3o contou com a confer\u00eancia da secret\u00e1ria estadual da Sa\u00fade, Roberta Santana, que destacou a import\u00e2ncia de integrar toda a rede de atendimento \u2014 desde a aten\u00e7\u00e3o prim\u00e1ria at\u00e9 exames, consultas, cirurgias e acompanhamento \u2014 como forma de reduzir a demanda reprimida e melhorar o fluxo dos pacientes no SUS.<\/p>\n\n\n\n<p>Al\u00e9m das discuss\u00f5es, o congresso apresentou dados sobre os investimentos na sa\u00fade da Bahia, incluindo a amplia\u00e7\u00e3o de hospitais, leitos, policl\u00ednicas e servi\u00e7os especializados. Tamb\u00e9m foram debatidas a\u00e7\u00f5es como o fortalecimento das cirurgias eletivas, expans\u00e3o da oncologia e avan\u00e7os na sa\u00fade digital.<\/p>\n\n\n\n<p>Para o secret\u00e1rio Antonio Moura, a participa\u00e7\u00e3o no evento \u00e9 fundamental para trazer novas ideias e fortalecer a sa\u00fade em Remanso. A troca de experi\u00eancias entre munic\u00edpios e o alinhamento com o Governo do Estado e o Minist\u00e9rio da Sa\u00fade s\u00e3o passos importantes para garantir um atendimento mais eficiente e humanizado \u00e0 popula\u00e7\u00e3o.<\/p>\n\n\n\n<p>O congresso reuniu cerca de 1.500 participantes e se consolidou como um espa\u00e7o essencial para o di\u00e1logo e a constru\u00e7\u00e3o de solu\u00e7\u00f5es conjuntas para os desafios da sa\u00fade p\u00fablica na Bahia.<\/p>\n","protected":false},"excerpt":{"rendered":"<p>O secret\u00e1rio de Sa\u00fade de Remanso, Antonio Moura, esteve presente no 12\u00ba Congresso do Cosems Bahia, realizado no domingo (26), no Centro de Conven\u00e7\u00f5es de Salvador, evento que reuniu gestores municipais, representantes do Minist\u00e9rio da Sa\u00fade e profissionais da \u00e1rea para discutir os desafios e avan\u00e7os da sa\u00fade p\u00fablica no estado. Durante o encontro, que [&hellip;]<\/p>\n","protected":false},"author":3,"featured_media":87375,"comment_status":"open","ping_status":"closed","sticky":false,"template":"","format":"standard","meta":{"footnotes":""},"categories":[6],"tags":[],"class_list":["post-87374","post","type-post","status-publish","format-standard","has-post-thumbnail","hentry","category-remanso"],"_links":{"self":[{"href":"https:\/\/portal.remanso-noticias.com\/index.php?rest_route=\/wp\/v2\/posts\/87374","targetHints":{"allow":["GET"]}}],"collection":[{"href":"https:\/\/portal.remanso-noticias.com\/index.php?rest_route=\/wp\/v2\/posts"}],"about":[{"href":"https:\/\/portal.remanso-noticias.com\/index.php?rest_route=\/wp\/v2\/types\/post"}],"author":[{"embeddable":true,"href":"https:\/\/portal.remanso-noticias.com\/index.php?rest_route=\/wp\/v2\/users\/3"}],"replies":[{"embeddable":true,"href":"https:\/\/portal.remanso-noticias.com\/index.php?rest_route=%2Fwp%2Fv2%2Fcomments&post=87374"}],"version-history":[{"count":2,"href":"https:\/\/portal.remanso-noticias.com\/index.php?rest_route=\/wp\/v2\/posts\/87374\/revisions"}],"predecessor-version":[{"id":87377,"href":"https:\/\/portal.remanso-noticias.com\/index.php?rest_route=\/wp\/v2\/posts\/87374\/revisions\/87377"}],"wp:featuredmedia":[{"embeddable":true,"href":"https:\/\/portal.remanso-noticias.com\/index.php?rest_route=\/wp\/v2\/media\/87375"}],"wp:attachment":[{"href":"https:\/\/portal.remanso-noticias.com\/index.php?rest_route=%2Fwp%2Fv2%2Fmedia&parent=87374"}],"wp:term":[{"taxonomy":"category","embeddable":true,"href":"https:\/\/portal.remanso-noticias.com\/index.php?rest_route=%2Fwp%2Fv2%2Fcategories&post=87374"},{"taxonomy":"post_tag","embeddable":true,"href":"https:\/\/portal.remanso-noticias.com\/index.php?rest_route=%2Fwp%2Fv2%2Ftags&post=87374"}],"curies":[{"name":"wp","href":"https:\/\/api.w.org\/{rel}","templated":true}]}}