{"id":87367,"date":"2026-04-26T12:14:49","date_gmt":"2026-04-26T15:14:49","guid":{"rendered":"https:\/\/portal.remanso-noticias.com\/?p=87367"},"modified":"2026-04-26T12:14:50","modified_gmt":"2026-04-26T15:14:50","slug":"casa-de-vereador-do-mdb-e-alvejada-a-tiros-em-campo-alegre-de-lourdes-familia-estava-no-local","status":"publish","type":"post","link":"https:\/\/portal.remanso-noticias.com\/?p=87367","title":{"rendered":"Casa de vereador do MDB \u00e9 alvejada a tiros em Campo Alegre de Lourdes; fam\u00edlia estava no local"},"content":{"rendered":"\n<p>Na madrugada do \u00faltimo domingo de P\u00e1scoa (5), a resid\u00eancia do vereador em exerc\u00edcio, Dr. Roney Dias Alves (MDB), foi alvo de disparos de arma de fogo. No momento do ataque, estavam na casa o parlamentar, sua esposa, seu filho, sua sogra e sua cunhada.<\/p>\n\n\n\n<figure class=\"wp-block-image size-large\"><img loading=\"lazy\" decoding=\"async\" width=\"878\" height=\"1024\" src=\"https:\/\/portal.remanso-noticias.com\/wp-content\/uploads\/2026\/04\/WhatsApp-Image-2026-04-26-at-12.12.13-1-878x1024.jpeg\" alt=\"\" class=\"wp-image-87369\" srcset=\"https:\/\/portal.remanso-noticias.com\/wp-content\/uploads\/2026\/04\/WhatsApp-Image-2026-04-26-at-12.12.13-1-878x1024.jpeg 878w, https:\/\/portal.remanso-noticias.com\/wp-content\/uploads\/2026\/04\/WhatsApp-Image-2026-04-26-at-12.12.13-1-257x300.jpeg 257w, https:\/\/portal.remanso-noticias.com\/wp-content\/uploads\/2026\/04\/WhatsApp-Image-2026-04-26-at-12.12.13-1-768x896.jpeg 768w, https:\/\/portal.remanso-noticias.com\/wp-content\/uploads\/2026\/04\/WhatsApp-Image-2026-04-26-at-12.12.13-1.jpeg 1284w\" sizes=\"auto, (max-width: 878px) 100vw, 878px\" \/><\/figure>\n\n\n\n<p>Apesar do ocorrido, o vereador demostra que n\u00e3o pretende recuar do seu posicionamento e ideais. Conforme mostra em suas redes sociais ele segue firme em sua caminhada, ao lado do povo, trabalhando por uma cidade mais justa e com oportunidades para todos.<\/p>\n\n\n\n<p>O caso est\u00e1 sendo investigado pelas autoridades, at\u00e9 o momento, corre sob sigilo.<\/p>\n","protected":false},"excerpt":{"rendered":"<p>Na madrugada do \u00faltimo domingo de P\u00e1scoa (5), a resid\u00eancia do vereador em exerc\u00edcio, Dr. Roney Dias Alves (MDB), foi alvo de disparos de arma de fogo. No momento do ataque, estavam na casa o parlamentar, sua esposa, seu filho, sua sogra e sua cunhada. Apesar do ocorrido, o vereador demostra que n\u00e3o pretende recuar [&hellip;]<\/p>\n","protected":false},"author":3,"featured_media":87368,"comment_status":"open","ping_status":"closed","sticky":false,"template":"","format":"standard","meta":{"footnotes":""},"categories":[2],"tags":[],"class_list":["post-87367","post","type-post","status-publish","format-standard","has-post-thumbnail","hentry","category-regiao"],"_links":{"self":[{"href":"https:\/\/portal.remanso-noticias.com\/index.php?rest_route=\/wp\/v2\/posts\/87367","targetHints":{"allow":["GET"]}}],"collection":[{"href":"https:\/\/portal.remanso-noticias.com\/index.php?rest_route=\/wp\/v2\/posts"}],"about":[{"href":"https:\/\/portal.remanso-noticias.com\/index.php?rest_route=\/wp\/v2\/types\/post"}],"author":[{"embeddable":true,"href":"https:\/\/portal.remanso-noticias.com\/index.php?rest_route=\/wp\/v2\/users\/3"}],"replies":[{"embeddable":true,"href":"https:\/\/portal.remanso-noticias.com\/index.php?rest_route=%2Fwp%2Fv2%2Fcomments&post=87367"}],"version-history":[{"count":1,"href":"https:\/\/portal.remanso-noticias.com\/index.php?rest_route=\/wp\/v2\/posts\/87367\/revisions"}],"predecessor-version":[{"id":87370,"href":"https:\/\/portal.remanso-noticias.com\/index.php?rest_route=\/wp\/v2\/posts\/87367\/revisions\/87370"}],"wp:featuredmedia":[{"embeddable":true,"href":"https:\/\/portal.remanso-noticias.com\/index.php?rest_route=\/wp\/v2\/media\/87368"}],"wp:attachment":[{"href":"https:\/\/portal.remanso-noticias.com\/index.php?rest_route=%2Fwp%2Fv2%2Fmedia&parent=87367"}],"wp:term":[{"taxonomy":"category","embeddable":true,"href":"https:\/\/portal.remanso-noticias.com\/index.php?rest_route=%2Fwp%2Fv2%2Fcategories&post=87367"},{"taxonomy":"post_tag","embeddable":true,"href":"https:\/\/portal.remanso-noticias.com\/index.php?rest_route=%2Fwp%2Fv2%2Ftags&post=87367"}],"curies":[{"name":"wp","href":"https:\/\/api.w.org\/{rel}","templated":true}]}}