{"id":87001,"date":"2026-03-10T09:57:50","date_gmt":"2026-03-10T12:57:50","guid":{"rendered":"https:\/\/portal.remanso-noticias.com\/?p=87001"},"modified":"2026-03-10T09:57:52","modified_gmt":"2026-03-10T12:57:52","slug":"remanso-tera-feira-do-dia-da-mulher-com-programacao-especial","status":"publish","type":"post","link":"https:\/\/portal.remanso-noticias.com\/?p=87001","title":{"rendered":"Remanso ter\u00e1 Feira do Dia da Mulher com programa\u00e7\u00e3o especial"},"content":{"rendered":"\n<p>A semana dedicada \u00e0s mulheres contar\u00e1 com uma programa\u00e7\u00e3o especial em Remanso. A Secretaria de Desenvolvimento Social de Remanso realizar\u00e1 a Feira do Dia da Mulher, com diversas atividades voltadas ao p\u00fablico feminino.<\/p>\n\n\n\n<p>Com o tema \u201cMulher protagonista do seu sucesso\u201d, o evento acontecer\u00e1 na pr\u00f3xima sexta-feira (13), das 08h \u00e0s 18h, no Mercado Municipal de Remanso.<\/p>\n\n\n\n<p>Durante a feira, ser\u00e3o oferecidos diversos servi\u00e7os e atra\u00e7\u00f5es para a popula\u00e7\u00e3o, incluindo apresenta\u00e7\u00f5es musicais, servi\u00e7os de beleza e cuidado, atendimentos de sa\u00fade e sorteios. A iniciativa busca valorizar e celebrar o protagonismo feminino no munic\u00edpio.<\/p>\n\n\n\n<p>Confira a programa\u00e7\u00e3o abaixo:<\/p>\n\n\n\n<figure class=\"wp-block-image size-large\"><img loading=\"lazy\" decoding=\"async\" width=\"819\" height=\"1024\" src=\"https:\/\/portal.remanso-noticias.com\/wp-content\/uploads\/2026\/03\/snapinsta.com_.br_.instagram.photo_.20260310.125636-819x1024.jpg\" alt=\"\" class=\"wp-image-87003\" srcset=\"https:\/\/portal.remanso-noticias.com\/wp-content\/uploads\/2026\/03\/snapinsta.com_.br_.instagram.photo_.20260310.125636-819x1024.jpg 819w, https:\/\/portal.remanso-noticias.com\/wp-content\/uploads\/2026\/03\/snapinsta.com_.br_.instagram.photo_.20260310.125636-240x300.jpg 240w, https:\/\/portal.remanso-noticias.com\/wp-content\/uploads\/2026\/03\/snapinsta.com_.br_.instagram.photo_.20260310.125636-768x960.jpg 768w, https:\/\/portal.remanso-noticias.com\/wp-content\/uploads\/2026\/03\/snapinsta.com_.br_.instagram.photo_.20260310.125636.jpg 1080w\" sizes=\"auto, (max-width: 819px) 100vw, 819px\" \/><\/figure>\n","protected":false},"excerpt":{"rendered":"<p>A semana dedicada \u00e0s mulheres contar\u00e1 com uma programa\u00e7\u00e3o especial em Remanso. A Secretaria de Desenvolvimento Social de Remanso realizar\u00e1 a Feira do Dia da Mulher, com diversas atividades voltadas ao p\u00fablico feminino. Com o tema \u201cMulher protagonista do seu sucesso\u201d, o evento acontecer\u00e1 na pr\u00f3xima sexta-feira (13), das 08h \u00e0s 18h, no Mercado Municipal [&hellip;]<\/p>\n","protected":false},"author":3,"featured_media":87002,"comment_status":"open","ping_status":"closed","sticky":false,"template":"","format":"standard","meta":{"footnotes":""},"categories":[],"tags":[],"class_list":["post-87001","post","type-post","status-publish","format-standard","has-post-thumbnail","hentry"],"_links":{"self":[{"href":"https:\/\/portal.remanso-noticias.com\/index.php?rest_route=\/wp\/v2\/posts\/87001","targetHints":{"allow":["GET"]}}],"collection":[{"href":"https:\/\/portal.remanso-noticias.com\/index.php?rest_route=\/wp\/v2\/posts"}],"about":[{"href":"https:\/\/portal.remanso-noticias.com\/index.php?rest_route=\/wp\/v2\/types\/post"}],"author":[{"embeddable":true,"href":"https:\/\/portal.remanso-noticias.com\/index.php?rest_route=\/wp\/v2\/users\/3"}],"replies":[{"embeddable":true,"href":"https:\/\/portal.remanso-noticias.com\/index.php?rest_route=%2Fwp%2Fv2%2Fcomments&post=87001"}],"version-history":[{"count":1,"href":"https:\/\/portal.remanso-noticias.com\/index.php?rest_route=\/wp\/v2\/posts\/87001\/revisions"}],"predecessor-version":[{"id":87004,"href":"https:\/\/portal.remanso-noticias.com\/index.php?rest_route=\/wp\/v2\/posts\/87001\/revisions\/87004"}],"wp:featuredmedia":[{"embeddable":true,"href":"https:\/\/portal.remanso-noticias.com\/index.php?rest_route=\/wp\/v2\/media\/87002"}],"wp:attachment":[{"href":"https:\/\/portal.remanso-noticias.com\/index.php?rest_route=%2Fwp%2Fv2%2Fmedia&parent=87001"}],"wp:term":[{"taxonomy":"category","embeddable":true,"href":"https:\/\/portal.remanso-noticias.com\/index.php?rest_route=%2Fwp%2Fv2%2Fcategories&post=87001"},{"taxonomy":"post_tag","embeddable":true,"href":"https:\/\/portal.remanso-noticias.com\/index.php?rest_route=%2Fwp%2Fv2%2Ftags&post=87001"}],"curies":[{"name":"wp","href":"https:\/\/api.w.org\/{rel}","templated":true}]}}