{"id":86986,"date":"2026-03-09T10:58:03","date_gmt":"2026-03-09T13:58:03","guid":{"rendered":"https:\/\/portal.remanso-noticias.com\/?p=86986"},"modified":"2026-03-09T10:58:04","modified_gmt":"2026-03-09T13:58:04","slug":"calor-volta-com-forca-em-remanso-semana-tera-poucas-chances-de-chuva","status":"publish","type":"post","link":"https:\/\/portal.remanso-noticias.com\/?p=86986","title":{"rendered":"Calor volta com for\u00e7a em Remanso; semana ter\u00e1 poucas chances de chuva"},"content":{"rendered":"\n<p>O calor intenso deve marcar a semana que se inicia em Remanso, no norte da Bahia. De acordo com dados do Climatempo, a tend\u00eancia \u00e9 de tempo mais firme nos pr\u00f3ximos dias, com poucas chances de chuva no munic\u00edpio.<\/p>\n\n\n\n<p>Segundo a previs\u00e3o, as temperaturas devem subir ao longo da semana, com m\u00ednima prevista de 23\u00b0C e m\u00e1xima podendo chegar aos 32\u00b0C. O cen\u00e1rio indica predom\u00ednio de sol, com per\u00edodos de nuvens, mas sem expectativa de volumes significativos de precipita\u00e7\u00e3o.<\/p>\n","protected":false},"excerpt":{"rendered":"<p>O calor intenso deve marcar a semana que se inicia em Remanso, no norte da Bahia. De acordo com dados do Climatempo, a tend\u00eancia \u00e9 de tempo mais firme nos pr\u00f3ximos dias, com poucas chances de chuva no munic\u00edpio. Segundo a previs\u00e3o, as temperaturas devem subir ao longo da semana, com m\u00ednima prevista de 23\u00b0C [&hellip;]<\/p>\n","protected":false},"author":3,"featured_media":84739,"comment_status":"open","ping_status":"closed","sticky":false,"template":"","format":"standard","meta":{"footnotes":""},"categories":[6],"tags":[],"class_list":["post-86986","post","type-post","status-publish","format-standard","has-post-thumbnail","hentry","category-remanso"],"_links":{"self":[{"href":"https:\/\/portal.remanso-noticias.com\/index.php?rest_route=\/wp\/v2\/posts\/86986","targetHints":{"allow":["GET"]}}],"collection":[{"href":"https:\/\/portal.remanso-noticias.com\/index.php?rest_route=\/wp\/v2\/posts"}],"about":[{"href":"https:\/\/portal.remanso-noticias.com\/index.php?rest_route=\/wp\/v2\/types\/post"}],"author":[{"embeddable":true,"href":"https:\/\/portal.remanso-noticias.com\/index.php?rest_route=\/wp\/v2\/users\/3"}],"replies":[{"embeddable":true,"href":"https:\/\/portal.remanso-noticias.com\/index.php?rest_route=%2Fwp%2Fv2%2Fcomments&post=86986"}],"version-history":[{"count":1,"href":"https:\/\/portal.remanso-noticias.com\/index.php?rest_route=\/wp\/v2\/posts\/86986\/revisions"}],"predecessor-version":[{"id":86987,"href":"https:\/\/portal.remanso-noticias.com\/index.php?rest_route=\/wp\/v2\/posts\/86986\/revisions\/86987"}],"wp:featuredmedia":[{"embeddable":true,"href":"https:\/\/portal.remanso-noticias.com\/index.php?rest_route=\/wp\/v2\/media\/84739"}],"wp:attachment":[{"href":"https:\/\/portal.remanso-noticias.com\/index.php?rest_route=%2Fwp%2Fv2%2Fmedia&parent=86986"}],"wp:term":[{"taxonomy":"category","embeddable":true,"href":"https:\/\/portal.remanso-noticias.com\/index.php?rest_route=%2Fwp%2Fv2%2Fcategories&post=86986"},{"taxonomy":"post_tag","embeddable":true,"href":"https:\/\/portal.remanso-noticias.com\/index.php?rest_route=%2Fwp%2Fv2%2Ftags&post=86986"}],"curies":[{"name":"wp","href":"https:\/\/api.w.org\/{rel}","templated":true}]}}