{"id":53011,"date":"2019-06-21T20:08:10","date_gmt":"2019-06-21T23:08:10","guid":{"rendered":"https:\/\/www.remanso-noticias.com\/?p=53011"},"modified":"2019-06-22T13:43:35","modified_gmt":"2019-06-22T16:43:35","slug":"natural-de-remanso-e-convocado-para-a-selecao-brasileiro-sub-16","status":"publish","type":"post","link":"https:\/\/portal.remanso-noticias.com\/?p=53011","title":{"rendered":"Natural de Remanso \u00e9 convocado para a Sele\u00e7\u00e3o Brasileiro Sub 16"},"content":{"rendered":"<p><img loading=\"lazy\" decoding=\"async\" src=\"https:\/\/www.remanso-noticias.com\/wp-content\/uploads\/2019\/06\/398dc2fd-9166-4c2b-a2ae-ad4e0d5390ce-1.jpg\" alt=\"\" width=\"720\" height=\"1280\" class=\"alignnone size-full wp-image-53014\" srcset=\"https:\/\/portal.remanso-noticias.com\/wp-content\/uploads\/2019\/06\/398dc2fd-9166-4c2b-a2ae-ad4e0d5390ce-1.jpg 720w, https:\/\/portal.remanso-noticias.com\/wp-content\/uploads\/2019\/06\/398dc2fd-9166-4c2b-a2ae-ad4e0d5390ce-1-169x300.jpg 169w, https:\/\/portal.remanso-noticias.com\/wp-content\/uploads\/2019\/06\/398dc2fd-9166-4c2b-a2ae-ad4e0d5390ce-1-576x1024.jpg 576w\" sizes=\"auto, (max-width: 720px) 100vw, 720px\" \/>O jovem Joilson Lucas Souza Nascimento (16 anos), natural do munic\u00edpio de Remanso, foi convocado para a Sele\u00e7\u00e3o Brasileira de Futebol Sub 16. Joilson joga como zagueiro, atualmente est\u00e1 defendo a equipe de base do Fluminense-RJ. <\/p>\n<p>A nossa reda\u00e7\u00e3o entrou em contato com o jovem, onde nos informou que, cresceu em Remanso e que est\u00e1 na Sele\u00e7\u00e3o Brasileira Sub 16.<br \/>\n<em><br \/>\n&#8220;\u00c9 uma felicidade enorme ver um remansense nesse n\u00edvel. Que ele possa progredir at\u00e9 chegue na Sele\u00e7\u00e3o principal levando o nome do nossa cidade&#8221;<\/em>, relata um remansense.<img loading=\"lazy\" decoding=\"async\" src=\"https:\/\/www.remanso-noticias.com\/wp-content\/uploads\/2019\/06\/12eddf7a-67a8-4d39-b73f-2f3a627921a0.jpg\" alt=\"\" width=\"720\" height=\"472\" class=\"alignnone size-full wp-image-53013\" srcset=\"https:\/\/portal.remanso-noticias.com\/wp-content\/uploads\/2019\/06\/12eddf7a-67a8-4d39-b73f-2f3a627921a0.jpg 720w, https:\/\/portal.remanso-noticias.com\/wp-content\/uploads\/2019\/06\/12eddf7a-67a8-4d39-b73f-2f3a627921a0-300x197.jpg 300w\" sizes=\"auto, (max-width: 720px) 100vw, 720px\" \/><\/p>\n<p>Remanso Not\u00edcias<\/p>\n","protected":false},"excerpt":{"rendered":"<p>O jovem Joilson Lucas Souza Nascimento (16 anos), natural do munic\u00edpio de Remanso, foi convocado para a Sele\u00e7\u00e3o Brasileira de Futebol Sub 16. Joilson joga como zagueiro, atualmente est\u00e1 defendo a equipe de base do Fluminense-RJ. A nossa reda\u00e7\u00e3o entrou em contato com o jovem, onde nos informou que, cresceu em Remanso e que est\u00e1 [&hellip;]<\/p>\n","protected":false},"author":2,"featured_media":53014,"comment_status":"closed","ping_status":"open","sticky":false,"template":"","format":"standard","meta":{"footnotes":""},"categories":[6],"tags":[],"class_list":["post-53011","post","type-post","status-publish","format-standard","has-post-thumbnail","hentry","category-remanso"],"_links":{"self":[{"href":"https:\/\/portal.remanso-noticias.com\/index.php?rest_route=\/wp\/v2\/posts\/53011","targetHints":{"allow":["GET"]}}],"collection":[{"href":"https:\/\/portal.remanso-noticias.com\/index.php?rest_route=\/wp\/v2\/posts"}],"about":[{"href":"https:\/\/portal.remanso-noticias.com\/index.php?rest_route=\/wp\/v2\/types\/post"}],"author":[{"embeddable":true,"href":"https:\/\/portal.remanso-noticias.com\/index.php?rest_route=\/wp\/v2\/users\/2"}],"replies":[{"embeddable":true,"href":"https:\/\/portal.remanso-noticias.com\/index.php?rest_route=%2Fwp%2Fv2%2Fcomments&post=53011"}],"version-history":[{"count":2,"href":"https:\/\/portal.remanso-noticias.com\/index.php?rest_route=\/wp\/v2\/posts\/53011\/revisions"}],"predecessor-version":[{"id":53062,"href":"https:\/\/portal.remanso-noticias.com\/index.php?rest_route=\/wp\/v2\/posts\/53011\/revisions\/53062"}],"wp:featuredmedia":[{"embeddable":true,"href":"https:\/\/portal.remanso-noticias.com\/index.php?rest_route=\/wp\/v2\/media\/53014"}],"wp:attachment":[{"href":"https:\/\/portal.remanso-noticias.com\/index.php?rest_route=%2Fwp%2Fv2%2Fmedia&parent=53011"}],"wp:term":[{"taxonomy":"category","embeddable":true,"href":"https:\/\/portal.remanso-noticias.com\/index.php?rest_route=%2Fwp%2Fv2%2Fcategories&post=53011"},{"taxonomy":"post_tag","embeddable":true,"href":"https:\/\/portal.remanso-noticias.com\/index.php?rest_route=%2Fwp%2Fv2%2Ftags&post=53011"}],"curies":[{"name":"wp","href":"https:\/\/api.w.org\/{rel}","templated":true}]}}