{"id":53000,"date":"2019-06-20T19:12:24","date_gmt":"2019-06-20T22:12:24","guid":{"rendered":"https:\/\/www.remanso-noticias.com\/?p=53000"},"modified":"2019-06-20T19:12:24","modified_gmt":"2019-06-20T22:12:24","slug":"jovem-com-problemas-mentais-comete-suicidio-em-remanso","status":"publish","type":"post","link":"https:\/\/portal.remanso-noticias.com\/?p=53000","title":{"rendered":"Jovem com problemas mentais comete suic\u00eddio em Remanso"},"content":{"rendered":"<p><img loading=\"lazy\" decoding=\"async\" src=\"https:\/\/www.remanso-noticias.com\/wp-content\/uploads\/2019\/06\/20190620_190642.jpg\" alt=\"\" width=\"540\" height=\"862\" class=\"alignnone size-full wp-image-53002\" srcset=\"https:\/\/portal.remanso-noticias.com\/wp-content\/uploads\/2019\/06\/20190620_190642.jpg 540w, https:\/\/portal.remanso-noticias.com\/wp-content\/uploads\/2019\/06\/20190620_190642-188x300.jpg 188w\" sizes=\"auto, (max-width: 540px) 100vw, 540px\" \/>Um jovem identificado como J\u00fanior, cometeu suic\u00eddio por enforcamento nesta quinta-feira (20) no munic\u00edpio de Remanso. <\/p>\n<p>A SAMU (Servi\u00e7o de Atendimento M\u00f3vel de Urg\u00eancia) foi acionada para tentar reanimar a v\u00edtima, por\u00e9m a mesma j\u00e1 estava sem sinais vitais. <\/p>\n<p>Esse \u00e9 o quarto suic\u00eddio por enforcamento registrado em Remanso no ano decorrente. Lament\u00e1vel esses fatos. <\/p>\n","protected":false},"excerpt":{"rendered":"<p>Um jovem identificado como J\u00fanior, cometeu suic\u00eddio por enforcamento nesta quinta-feira (20) no munic\u00edpio de Remanso. A SAMU (Servi\u00e7o de Atendimento M\u00f3vel de Urg\u00eancia) foi acionada para tentar reanimar a v\u00edtima, por\u00e9m a mesma j\u00e1 estava sem sinais vitais. Esse \u00e9 o quarto suic\u00eddio por enforcamento registrado em Remanso no ano decorrente. Lament\u00e1vel esses fatos.<\/p>\n","protected":false},"author":2,"featured_media":53002,"comment_status":"open","ping_status":"closed","sticky":false,"template":"","format":"standard","meta":{"footnotes":""},"categories":[6],"tags":[],"class_list":["post-53000","post","type-post","status-publish","format-standard","has-post-thumbnail","hentry","category-remanso"],"_links":{"self":[{"href":"https:\/\/portal.remanso-noticias.com\/index.php?rest_route=\/wp\/v2\/posts\/53000","targetHints":{"allow":["GET"]}}],"collection":[{"href":"https:\/\/portal.remanso-noticias.com\/index.php?rest_route=\/wp\/v2\/posts"}],"about":[{"href":"https:\/\/portal.remanso-noticias.com\/index.php?rest_route=\/wp\/v2\/types\/post"}],"author":[{"embeddable":true,"href":"https:\/\/portal.remanso-noticias.com\/index.php?rest_route=\/wp\/v2\/users\/2"}],"replies":[{"embeddable":true,"href":"https:\/\/portal.remanso-noticias.com\/index.php?rest_route=%2Fwp%2Fv2%2Fcomments&post=53000"}],"version-history":[{"count":1,"href":"https:\/\/portal.remanso-noticias.com\/index.php?rest_route=\/wp\/v2\/posts\/53000\/revisions"}],"predecessor-version":[{"id":53003,"href":"https:\/\/portal.remanso-noticias.com\/index.php?rest_route=\/wp\/v2\/posts\/53000\/revisions\/53003"}],"wp:featuredmedia":[{"embeddable":true,"href":"https:\/\/portal.remanso-noticias.com\/index.php?rest_route=\/wp\/v2\/media\/53002"}],"wp:attachment":[{"href":"https:\/\/portal.remanso-noticias.com\/index.php?rest_route=%2Fwp%2Fv2%2Fmedia&parent=53000"}],"wp:term":[{"taxonomy":"category","embeddable":true,"href":"https:\/\/portal.remanso-noticias.com\/index.php?rest_route=%2Fwp%2Fv2%2Fcategories&post=53000"},{"taxonomy":"post_tag","embeddable":true,"href":"https:\/\/portal.remanso-noticias.com\/index.php?rest_route=%2Fwp%2Fv2%2Ftags&post=53000"}],"curies":[{"name":"wp","href":"https:\/\/api.w.org\/{rel}","templated":true}]}}