{"id":49717,"date":"2019-01-04T00:23:03","date_gmt":"2019-01-04T03:23:03","guid":{"rendered":"https:\/\/www.remanso-noticias.com\/?p=49717"},"modified":"2019-01-04T00:23:03","modified_gmt":"2019-01-04T03:23:03","slug":"eulalio-braga-diz-que-disputara-o-comando-do-municipio-de-remanso-em-2020","status":"publish","type":"post","link":"https:\/\/portal.remanso-noticias.com\/?p=49717","title":{"rendered":"Eul\u00e1lio Braga diz que disputar\u00e1 o comando do munic\u00edpio de Remanso em 2020"},"content":{"rendered":"<p>Sem liga\u00e7\u00f5es com os grandes nomes da pol\u00edtica de Remanso, Marcos Palmeira e Z\u00e9 Filho, nomes alternativos come\u00e7am a surgir para a disputa de prefeito de Remanso em 2020. O ex-vereador, Eul\u00e1lio Braga, ap\u00f3s a mat\u00e9ria em que listamos alguns nomes poss\u00edveis para as elei\u00e7\u00f5es em 2020 (<a href=\"https:\/\/www.remanso-noticias.com\/2019\/01\/conheca-os-possiveis-candidatos-a-prefeito-de-remanso-em-2020\/\" rel=\"noopener\" target=\"_blank\">veja aqui<\/a>), entrou em contato com a nossa reda\u00e7\u00e3o e informou que tamb\u00e9m disputar\u00e1 o p\u00e1reo em 2020.<\/p>\n<p><a href=\"https:\/\/www.remanso-noticias.com\/wp-content\/uploads\/2019\/01\/eulalio-braga.jpg\"><img loading=\"lazy\" decoding=\"async\" class=\"aligncenter size-full wp-image-49718\" src=\"https:\/\/www.remanso-noticias.com\/wp-content\/uploads\/2019\/01\/eulalio-braga.jpg\" alt=\"\" width=\"717\" height=\"539\" srcset=\"https:\/\/portal.remanso-noticias.com\/wp-content\/uploads\/2019\/01\/eulalio-braga.jpg 717w, https:\/\/portal.remanso-noticias.com\/wp-content\/uploads\/2019\/01\/eulalio-braga-300x225.jpg 300w, https:\/\/portal.remanso-noticias.com\/wp-content\/uploads\/2019\/01\/eulalio-braga-74x55.jpg 74w, https:\/\/portal.remanso-noticias.com\/wp-content\/uploads\/2019\/01\/eulalio-braga-111x83.jpg 111w, https:\/\/portal.remanso-noticias.com\/wp-content\/uploads\/2019\/01\/eulalio-braga-215x161.jpg 215w\" sizes=\"auto, (max-width: 717px) 100vw, 717px\" \/><\/a><\/p>\n<p>Atualmente Eul\u00e1lio Braga \u00e9 o representante do PR &#8211; Partido da Republica em Remanso. Braga tem uma enorme bagagem na \u00e1rea administrativa, confira os seus cargos: Secret\u00e1rio Municipal do Interior no governo de Fernando Braga, Gerente do escrit\u00f3rio da CAR em Remanso no governo Estadual de Waldir Pires, Assessor parlamentar do Deputado Estadual Reinaldo Braga do PR e hoje representa o Deputado Federal Jo\u00e3o Bacelar do PR (reeleito) no munic\u00edpio.<\/p>\n<p>&#8220;Todos j\u00e1 conhecem o potencial de administra\u00e7\u00e3o de Eul\u00e1lio&#8221;, relata o Deputado Federal Jo\u00e3o Bacelar.<\/p>\n<p>&#8220;Vou disputar as elei\u00e7\u00f5es municipais em 2020, com o povo remansense ao meu lado. Assim vejo que \u00e9 poss\u00edvel realizar o sonho de servir ao povo da minha terra. Temos que mudar o cen\u00e1rio da politica desse munic\u00edpio, tirar do coronelismo, criado por Z\u00e9 Filho. Veja q o Brasil deu um grande exemplo de quebra de Algemas das Oligarquias.. elegendo Bolsonaro para presidente&#8221;, diz Eul\u00e1lio Braga<\/p>\n<p><em>Remanso Not\u00edcias <\/em><\/p>\n","protected":false},"excerpt":{"rendered":"<p>Sem liga\u00e7\u00f5es com os grandes nomes da pol\u00edtica de Remanso, Marcos Palmeira e Z\u00e9 Filho, nomes alternativos come\u00e7am a surgir para a disputa de prefeito de Remanso em 2020. O ex-vereador, Eul\u00e1lio Braga, ap\u00f3s a mat\u00e9ria em que listamos alguns nomes poss\u00edveis para as elei\u00e7\u00f5es em 2020 (veja aqui), entrou em contato com a nossa [&hellip;]<\/p>\n","protected":false},"author":2,"featured_media":49718,"comment_status":"open","ping_status":"closed","sticky":false,"template":"","format":"standard","meta":{"footnotes":""},"categories":[6],"tags":[],"class_list":["post-49717","post","type-post","status-publish","format-standard","has-post-thumbnail","hentry","category-remanso"],"_links":{"self":[{"href":"https:\/\/portal.remanso-noticias.com\/index.php?rest_route=\/wp\/v2\/posts\/49717","targetHints":{"allow":["GET"]}}],"collection":[{"href":"https:\/\/portal.remanso-noticias.com\/index.php?rest_route=\/wp\/v2\/posts"}],"about":[{"href":"https:\/\/portal.remanso-noticias.com\/index.php?rest_route=\/wp\/v2\/types\/post"}],"author":[{"embeddable":true,"href":"https:\/\/portal.remanso-noticias.com\/index.php?rest_route=\/wp\/v2\/users\/2"}],"replies":[{"embeddable":true,"href":"https:\/\/portal.remanso-noticias.com\/index.php?rest_route=%2Fwp%2Fv2%2Fcomments&post=49717"}],"version-history":[{"count":2,"href":"https:\/\/portal.remanso-noticias.com\/index.php?rest_route=\/wp\/v2\/posts\/49717\/revisions"}],"predecessor-version":[{"id":49739,"href":"https:\/\/portal.remanso-noticias.com\/index.php?rest_route=\/wp\/v2\/posts\/49717\/revisions\/49739"}],"wp:featuredmedia":[{"embeddable":true,"href":"https:\/\/portal.remanso-noticias.com\/index.php?rest_route=\/wp\/v2\/media\/49718"}],"wp:attachment":[{"href":"https:\/\/portal.remanso-noticias.com\/index.php?rest_route=%2Fwp%2Fv2%2Fmedia&parent=49717"}],"wp:term":[{"taxonomy":"category","embeddable":true,"href":"https:\/\/portal.remanso-noticias.com\/index.php?rest_route=%2Fwp%2Fv2%2Fcategories&post=49717"},{"taxonomy":"post_tag","embeddable":true,"href":"https:\/\/portal.remanso-noticias.com\/index.php?rest_route=%2Fwp%2Fv2%2Ftags&post=49717"}],"curies":[{"name":"wp","href":"https:\/\/api.w.org\/{rel}","templated":true}]}}