{"id":14729,"date":"2014-06-07T12:44:44","date_gmt":"2014-06-07T15:44:44","guid":{"rendered":"https:\/\/www.remansonoticias.com.br\/?p=14729"},"modified":"2014-06-07T12:44:44","modified_gmt":"2014-06-07T15:44:44","slug":"fernandao-idolo-do-inter-morre-em-acidente-de-helicoptero-aos-36-anos","status":"publish","type":"post","link":"https:\/\/portal.remanso-noticias.com\/?p=14729","title":{"rendered":"Fernand\u00e3o, \u00eddolo do Inter, morre em acidente de helic\u00f3ptero aos 36 anos"},"content":{"rendered":"<p>O ex-atacante Fernand\u00e3o, \u00eddolo do Internacional, morreu em um acidente de helic\u00f3ptero na madrugada deste s\u00e1bado, aos 36 anos. A trag\u00e9dia ocorreu por volta de 1h (hor\u00e1rio de Bras\u00edlia) na regi\u00e3o de Aruan\u00e3, interior de Goi\u00e1s. O ex-jogador havia ido com amigos a um acampamento localizado em uma das praias do rio Araguaia e tomou a aeronave para retornar a Goi\u00e2nia.<\/p>\n<p>&#8220;Estou acordado desde \u00e0s 5h da manh\u00e3, quando me ligaram. Ele estava com mais quatro pessoas, uma delas um vereador l\u00e1 de Goi\u00e1s. Nenhum deles sobreviveu&#8221;, confirmou o presidente da Federa\u00e7\u00e3o Ga\u00facha de Futebol, Francisco Noveletto, ao UOL Esporte.<\/p>\n<figure id=\"attachment_14731\" aria-describedby=\"caption-attachment-14731\" style=\"width: 653px\" class=\"wp-caption aligncenter\"><a href=\"https:\/\/www.remansonoticias.com.br\/wp-content\/uploads\/2014\/06\/imagem-mostra-como-ficou-o-helicoptero-no-qual-o-ex-jogador-fernandao-viajava-com-mais-quatro-pessoas-neste-sabado-quando-sofreu-o-acidente-que-terminou-com-a-morte-de-todos-os-presentes-na-aeronave-1402149393987_956x500.jpg\"><img loading=\"lazy\" decoding=\"async\" class=\"wp-image-14731\" src=\"https:\/\/www.remansonoticias.com.br\/wp-content\/uploads\/2014\/06\/imagem-mostra-como-ficou-o-helicoptero-no-qual-o-ex-jogador-fernandao-viajava-com-mais-quatro-pessoas-neste-sabado-quando-sofreu-o-acidente-que-terminou-com-a-morte-de-todos-os-presentes-na-aeronave-1402149393987_956x500-665x347.jpg\" alt=\"imagem-mostra-como-ficou-o-helicoptero-no-qual-o-ex-jogador-fernandao-viajava-com-mais-quatro-pessoas-neste-sabado-quando-sofreu-o-acidente-que-terminou-com-a-morte-de-todos-os-presentes-na-aeronave-1402149393987_956x500\" width=\"653\" height=\"342\" srcset=\"https:\/\/portal.remanso-noticias.com\/wp-content\/uploads\/2014\/06\/imagem-mostra-como-ficou-o-helicoptero-no-qual-o-ex-jogador-fernandao-viajava-com-mais-quatro-pessoas-neste-sabado-quando-sofreu-o-acidente-que-terminou-com-a-morte-de-todos-os-presentes-na-aeronave-1402149393987_956x500-665x347.jpg 665w, https:\/\/portal.remanso-noticias.com\/wp-content\/uploads\/2014\/06\/imagem-mostra-como-ficou-o-helicoptero-no-qual-o-ex-jogador-fernandao-viajava-com-mais-quatro-pessoas-neste-sabado-quando-sofreu-o-acidente-que-terminou-com-a-morte-de-todos-os-presentes-na-aeronave-1402149393987_956x500-200x104.jpg 200w, https:\/\/portal.remanso-noticias.com\/wp-content\/uploads\/2014\/06\/imagem-mostra-como-ficou-o-helicoptero-no-qual-o-ex-jogador-fernandao-viajava-com-mais-quatro-pessoas-neste-sabado-quando-sofreu-o-acidente-que-terminou-com-a-morte-de-todos-os-presentes-na-aeronave-1402149393987_956x500-670x350.jpg 670w, https:\/\/portal.remanso-noticias.com\/wp-content\/uploads\/2014\/06\/imagem-mostra-como-ficou-o-helicoptero-no-qual-o-ex-jogador-fernandao-viajava-com-mais-quatro-pessoas-neste-sabado-quando-sofreu-o-acidente-que-terminou-com-a-morte-de-todos-os-presentes-na-aeronave-1402149393987_956x500.jpg 956w\" sizes=\"auto, (max-width: 653px) 100vw, 653px\" \/><\/a><figcaption id=\"caption-attachment-14731\" class=\"wp-caption-text\">Helic\u00f3ptero ficou completamente destru\u00eddo ap\u00f3s o acidente (Foto: Divulga\u00e7\u00e3o )<\/figcaption><\/figure>\n<p>O vereador que estava com o atacante era Edmilson de Sousa Lemes (PSDB), do munic\u00edpio de Palmeiras de Goi\u00e1s. De acordo com Ronaldo Pereira Soares, tenente-coronel da Pol\u00edcia Militar de Goi\u00e1s, Fernand\u00e3o foi a \u00fanica das v\u00edtimas do acidente que ainda foi retirada com vida dos destro\u00e7os do helic\u00f3ptero. O atacante chegou a ser levado a um hospital da regi\u00e3o, mas chegou morto ao local. T\u00e9cnicos da Ag\u00eancia Nacional de Avia\u00e7\u00e3o Civil (ANAC) s\u00e3o esperados no local para fazer a per\u00edcia no helic\u00f3ptero e determinar as causas do acidente.<\/p>\n<p>Fernand\u00e3o \u00e9 considerado um dos maiores \u00eddolos da hist\u00f3ria do Internacional. Foi o capit\u00e3o do clube na conquista da Libertadores e do Mundial de clubes de 2006, este \u00faltimo com uma vit\u00f3ria hist\u00f3rica sobre o Barcelona de Ronaldinho Ga\u00facho. Ainda sagrou-se duas vezes campe\u00e3o estadual (2005 e 2008) e ganhou a Recopa sul-americana (2007) pela equipe colorada.<\/p>\n<p>&#8220;A gente fica muito triste. Estou aqui, chovendo, frio, vem um neg\u00f3cio desse e a gente fica muito abalado. N\u00e3o tem o que falar. Eu estou muito emocionado, a gente se encontrou no Beira-Rio, sei l\u00e1, nem acredito num neg\u00f3cio desses. Era um cara legal, gente boa, nunca tive problema, foi capit\u00e3o, ajudou a gente&#8221;, disse Adriano Gabiru, ex-companheiro de Fernand\u00e3o e autor do gol do t\u00edtulo no Mundial de 2006, \u00e0 R\u00e1dio Ga\u00facha.<\/p>\n<p>Idolatrado pelos torcedores do Inter, Fernand\u00e3o participou da reinaugura\u00e7\u00e3o do Beira-Rio em festa realizada em abril deste ano. Foi um dos mestres de cerim\u00f4nia do evento e acabou homenageado junto a outros grandes nomes da hist\u00f3ria do clube, que emitiu nota oficial lamentando a morte do ex-jogador.<\/p>\n<p>&#8220;O momento \u00e9 de profundo pesar pela partida prematura do \u00eddolo de 36 anos, mas o que fica s\u00e3o lembran\u00e7as gloriosas de um atacante que honrou a camisa do Internacional com seu esp\u00edrito de lideran\u00e7a, sendo um dos jogadores mais importantes dos 105 anos do Clube&#8221;, trouxe o comunicado do Inter.<\/p>\n<p>O atacante ainda atuou por Goi\u00e1s, S\u00e3o Paulo, Olympique de Marselha-FRA, Toulouse e Al-Gharafa antes de se aposentar, em 2011. Ap\u00f3s pendurar as chuteiras, Fernand\u00e3o ainda se arriscou como dirigente e t\u00e9cnico do Internacional, mas sem sucesso nas fun\u00e7\u00f5es. Em maio deste ano, iniciou carreira como comentarista esportivo e seria um dos integrantes da equipe do Sportv na transmiss\u00e3o da Copa do Mundo. O ex-jogador deixa mulher e dois filhos.<\/p>\n<figure id=\"attachment_14732\" aria-describedby=\"caption-attachment-14732\" style=\"width: 653px\" class=\"wp-caption aligncenter\"><a href=\"https:\/\/www.remansonoticias.com.br\/wp-content\/uploads\/2014\/06\/mapa_aruana.jpg\"><img loading=\"lazy\" decoding=\"async\" class=\"wp-image-14732\" src=\"https:\/\/www.remansonoticias.com.br\/wp-content\/uploads\/2014\/06\/mapa_aruana-665x452.jpg\" alt=\"mapa_aruana\" width=\"653\" height=\"444\" srcset=\"https:\/\/portal.remanso-noticias.com\/wp-content\/uploads\/2014\/06\/mapa_aruana-665x452.jpg 665w, https:\/\/portal.remanso-noticias.com\/wp-content\/uploads\/2014\/06\/mapa_aruana-200x135.jpg 200w, https:\/\/portal.remanso-noticias.com\/wp-content\/uploads\/2014\/06\/mapa_aruana-116x80.jpg 116w, https:\/\/portal.remanso-noticias.com\/wp-content\/uploads\/2014\/06\/mapa_aruana.jpg 690w\" sizes=\"auto, (max-width: 653px) 100vw, 653px\" \/><\/a><figcaption id=\"caption-attachment-14732\" class=\"wp-caption-text\">Mapa mostra local do acidente de helic\u00f3ptero que matou o atacante Fernand\u00e3o (Foto: Editoria de arte-Globo)<\/figcaption><\/figure>\n<p>Confira abaixo a \u00edntegra da nota oficial do Internacional:<\/p>\n<p>O Sport Club Internacional e a na\u00e7\u00e3o colorada est\u00e3o de luto. Fernando L\u00facio da Costa, o Fernand\u00e3o, perdeu a vida em um acidente de helic\u00f3ptero ocorrido na madrugada deste s\u00e1bado (7\/6) em Aruan\u00e3-GO.<\/p>\n<p>O momento \u00e9 de profundo pesar pela partida prematura do \u00eddolo de 36 anos, mas o que fica s\u00e3o lembran\u00e7as gloriosas de um atacante que honrou a camisa do Internacional com seu esp\u00edrito de lideran\u00e7a, sendo um dos jogadores mais importantes dos 105 anos do Clube.<\/p>\n<p>Fernand\u00e3o atuou em 190 partidas e marcou 77 gols \u2013 o primeiro deles, logo na sua estreia, em 2004, foi o de n\u00famero 1000 da hist\u00f3ria do Gre-Nal. Nascido em Goi\u00e2nia, mas plenamente identificado com Porto Alegre, foi o capit\u00e3o do time nas inesquec\u00edveis conquistas da Libertadores da Am\u00e9rica e do Mundial FIFA, ambas em 2006, e tamb\u00e9m desempenhou no Colorado as fun\u00e7\u00f5es de diretor t\u00e9cnico, em 2011, e de treinador, em 2012. Os t\u00edtulos do Gauch\u00e3o (2005 e 2008) e da Recopa (2007) tamb\u00e9m fazem parte da sua trajet\u00f3ria.<\/p>\n<p>O Clube do Povo se solidariza com a fam\u00edlia e com todos os f\u00e3s de Fernand\u00e3o. For\u00e7a!<\/p>\n<p><strong><em>Fonte: <\/em><\/strong><em>UOL Esporte<\/em><\/p>\n","protected":false},"excerpt":{"rendered":"<p>O ex-atacante Fernand\u00e3o, \u00eddolo do Internacional, morreu em um acidente de helic\u00f3ptero na madrugada deste s\u00e1bado, aos 36 anos. A trag\u00e9dia ocorreu por volta de 1h (hor\u00e1rio de Bras\u00edlia) na regi\u00e3o de Aruan\u00e3, interior de Goi\u00e1s. O ex-jogador havia ido com amigos a um acampamento localizado em uma das praias do rio Araguaia e tomou [&hellip;]<\/p>\n","protected":false},"author":2,"featured_media":14730,"comment_status":"open","ping_status":"open","sticky":false,"template":"","format":"standard","meta":{"footnotes":""},"categories":[4],"tags":[],"class_list":["post-14729","post","type-post","status-publish","format-standard","has-post-thumbnail","hentry","category-esporte"],"_links":{"self":[{"href":"https:\/\/portal.remanso-noticias.com\/index.php?rest_route=\/wp\/v2\/posts\/14729","targetHints":{"allow":["GET"]}}],"collection":[{"href":"https:\/\/portal.remanso-noticias.com\/index.php?rest_route=\/wp\/v2\/posts"}],"about":[{"href":"https:\/\/portal.remanso-noticias.com\/index.php?rest_route=\/wp\/v2\/types\/post"}],"author":[{"embeddable":true,"href":"https:\/\/portal.remanso-noticias.com\/index.php?rest_route=\/wp\/v2\/users\/2"}],"replies":[{"embeddable":true,"href":"https:\/\/portal.remanso-noticias.com\/index.php?rest_route=%2Fwp%2Fv2%2Fcomments&post=14729"}],"version-history":[{"count":1,"href":"https:\/\/portal.remanso-noticias.com\/index.php?rest_route=\/wp\/v2\/posts\/14729\/revisions"}],"predecessor-version":[{"id":14733,"href":"https:\/\/portal.remanso-noticias.com\/index.php?rest_route=\/wp\/v2\/posts\/14729\/revisions\/14733"}],"wp:featuredmedia":[{"embeddable":true,"href":"https:\/\/portal.remanso-noticias.com\/index.php?rest_route=\/wp\/v2\/media\/14730"}],"wp:attachment":[{"href":"https:\/\/portal.remanso-noticias.com\/index.php?rest_route=%2Fwp%2Fv2%2Fmedia&parent=14729"}],"wp:term":[{"taxonomy":"category","embeddable":true,"href":"https:\/\/portal.remanso-noticias.com\/index.php?rest_route=%2Fwp%2Fv2%2Fcategories&post=14729"},{"taxonomy":"post_tag","embeddable":true,"href":"https:\/\/portal.remanso-noticias.com\/index.php?rest_route=%2Fwp%2Fv2%2Ftags&post=14729"}],"curies":[{"name":"wp","href":"https:\/\/api.w.org\/{rel}","templated":true}]}}