{"id":14718,"date":"2014-06-06T10:39:43","date_gmt":"2014-06-06T13:39:43","guid":{"rendered":"https:\/\/www.remansonoticias.com.br\/?p=14718"},"modified":"2014-06-06T10:44:16","modified_gmt":"2014-06-06T13:44:16","slug":"colegio-municipal-da-localidade-de-jatoba-realiza-mostra-cultural-sobre-a-copa-do-mundo","status":"publish","type":"post","link":"https:\/\/portal.remanso-noticias.com\/?p=14718","title":{"rendered":"Col\u00e9gio Municipal da localidade de Jatob\u00e1 realiza mostra cultural sobre a Copa do Mundo"},"content":{"rendered":"<figure id=\"attachment_14719\" aria-describedby=\"caption-attachment-14719\" style=\"width: 650px\" class=\"wp-caption aligncenter\"><a href=\"https:\/\/www.remansonoticias.com.br\/wp-content\/uploads\/2014\/06\/DSC_6373.jpg\"><img loading=\"lazy\" decoding=\"async\" class=\"wp-image-14719\" src=\"https:\/\/www.remansonoticias.com.br\/wp-content\/uploads\/2014\/06\/DSC_6373.jpg\" alt=\"DSC_6373\" width=\"650\" height=\"434\" srcset=\"https:\/\/portal.remanso-noticias.com\/wp-content\/uploads\/2014\/06\/DSC_6373.jpg 400w, https:\/\/portal.remanso-noticias.com\/wp-content\/uploads\/2014\/06\/DSC_6373-200x133.jpg 200w, https:\/\/portal.remanso-noticias.com\/wp-content\/uploads\/2014\/06\/DSC_6373-180x120.jpg 180w\" sizes=\"auto, (max-width: 650px) 100vw, 650px\" \/><\/a><figcaption id=\"caption-attachment-14719\" class=\"wp-caption-text\">Secret\u00e1ria de Educa\u00e7\u00e3o Maria Ol\u00edvia com os alunos. (Foto: Marc\u00edlio Braga)<\/figcaption><\/figure>\n<p align=\"justify\"><span style=\"font-family: Arial;\">A Copa do Mundo come\u00e7a no pr\u00f3ximo dia 12 e para que os alunos e a comunidade remansense tenham conhecimento sobre a competi\u00e7\u00e3o e seus pa\u00edses participantes, a Escola Municipal Ant\u00f4nio Borges de Vargas, da localidade de Jatob\u00e1, realizou nessa ter\u00e7a-feira uma Mostra Cultural com tema A COPA DO MUNDO NO CONTEXTO ESCOLAR, esta \u00e9 a 3\u00aa edi\u00e7\u00e3o da mostra promovida pela escola.<\/span><\/p>\n<p align=\"justify\"><span style=\"font-family: Arial;\">A abertura do evento foi feita por um grupo de dan\u00e7a composto por alunos do Col\u00e9gio. Servindo de inspira\u00e7\u00e3o para muitos trabalhos em diferentes s\u00e9ries e disciplinas, o projeto foi uma oportunidade dos alunos conhecerem as culturas dos pa\u00edses participantes. A participa\u00e7\u00e3o da comunidade escolar foi recorde, mais de 900 pessoas visitaram a exposi\u00e7\u00e3o e elogiaram muito a qualidade dos trabalhos.<\/span><\/p>\n<p align=\"justify\"><span style=\"font-family: Arial;\">A Secret\u00e1ria de Educa\u00e7\u00e3o e primeira dama do munic\u00edpio Maria Ol\u00edvia esteve no evento juntamente com sua equipe e conferiu de perto todo bel\u00edssimo trabalho realizado pela escola. \u201ceventos como este s\u00e3o importantes para integrar a comunidade escolar. Educa\u00e7\u00e3o de qualidade s\u00f3 \u00e9 poss\u00edvel com o comprometimento do poder p\u00fablico, professores e fam\u00edlia\u201d. Tamb\u00e9m prestigiaram o evento os vereadores S\u00e1vio Castro e Jorge Brito.<\/span><\/p>\n<p align=\"justify\"><span style=\"font-family: Arial;\">A diretora da institui\u00e7\u00e3o Arinalda Fonseca de Castro Alencar, estava radiante e muito satisfeita com o trabalho realizado, resultado do grande empenho de todos os funcion\u00e1rios, em especial dos professores e alunos que se dedicaram durante v\u00e1rias semanas para a mostra acontecesse de forma t\u00e3o brilhante.<\/span><\/p>\n<p align=\"justify\"><span style=\"font-family: Arial;\">Nosso amigo Marc\u00edlio Braga Chefe de departamento de pol\u00edticas p\u00fablicas para juventude da Prefeitura Municipal de Remanso esteve no evento\u00a0acompanhando a equipe da secretaria de educa\u00e7\u00e3o e disse estar maravilhado com a criatividade e organiza\u00e7\u00e3o da mostra cultural. \u201cFico feliz em prestigiar um evento t\u00e3o encantador. \u00c9 uma oportunidade \u00edmpar para que alunos mostrem e divulguem os seus talentos.\u201d<\/span><\/p>\n<p align=\"justify\"><em><strong>Fonte: <\/strong><\/em><em>ASCOM \/ Prefeitura Municipal de Remanso<\/em><\/p>\n","protected":false},"excerpt":{"rendered":"<p>A Copa do Mundo come\u00e7a no pr\u00f3ximo dia 12 e para que os alunos e a comunidade remansense tenham conhecimento sobre a competi\u00e7\u00e3o e seus pa\u00edses participantes, a Escola Municipal Ant\u00f4nio Borges de Vargas, da localidade de Jatob\u00e1, realizou nessa ter\u00e7a-feira uma Mostra Cultural com tema A COPA DO MUNDO NO CONTEXTO ESCOLAR, esta \u00e9 [&hellip;]<\/p>\n","protected":false},"author":2,"featured_media":14719,"comment_status":"open","ping_status":"open","sticky":false,"template":"","format":"standard","meta":{"footnotes":""},"categories":[6],"tags":[],"class_list":["post-14718","post","type-post","status-publish","format-standard","has-post-thumbnail","hentry","category-remanso"],"_links":{"self":[{"href":"https:\/\/portal.remanso-noticias.com\/index.php?rest_route=\/wp\/v2\/posts\/14718","targetHints":{"allow":["GET"]}}],"collection":[{"href":"https:\/\/portal.remanso-noticias.com\/index.php?rest_route=\/wp\/v2\/posts"}],"about":[{"href":"https:\/\/portal.remanso-noticias.com\/index.php?rest_route=\/wp\/v2\/types\/post"}],"author":[{"embeddable":true,"href":"https:\/\/portal.remanso-noticias.com\/index.php?rest_route=\/wp\/v2\/users\/2"}],"replies":[{"embeddable":true,"href":"https:\/\/portal.remanso-noticias.com\/index.php?rest_route=%2Fwp%2Fv2%2Fcomments&post=14718"}],"version-history":[{"count":2,"href":"https:\/\/portal.remanso-noticias.com\/index.php?rest_route=\/wp\/v2\/posts\/14718\/revisions"}],"predecessor-version":[{"id":14721,"href":"https:\/\/portal.remanso-noticias.com\/index.php?rest_route=\/wp\/v2\/posts\/14718\/revisions\/14721"}],"wp:featuredmedia":[{"embeddable":true,"href":"https:\/\/portal.remanso-noticias.com\/index.php?rest_route=\/wp\/v2\/media\/14719"}],"wp:attachment":[{"href":"https:\/\/portal.remanso-noticias.com\/index.php?rest_route=%2Fwp%2Fv2%2Fmedia&parent=14718"}],"wp:term":[{"taxonomy":"category","embeddable":true,"href":"https:\/\/portal.remanso-noticias.com\/index.php?rest_route=%2Fwp%2Fv2%2Fcategories&post=14718"},{"taxonomy":"post_tag","embeddable":true,"href":"https:\/\/portal.remanso-noticias.com\/index.php?rest_route=%2Fwp%2Fv2%2Ftags&post=14718"}],"curies":[{"name":"wp","href":"https:\/\/api.w.org\/{rel}","templated":true}]}}