{"id":14715,"date":"2014-06-06T00:02:55","date_gmt":"2014-06-06T03:02:55","guid":{"rendered":"https:\/\/www.remansonoticias.com.br\/?p=14715"},"modified":"2014-06-06T00:02:55","modified_gmt":"2014-06-06T03:02:55","slug":"especializacao-do-sus-fortalece-e-melhora-o-acesso-dos-usuarios-aos-servicos-em-remanso-e-regiao","status":"publish","type":"post","link":"https:\/\/portal.remanso-noticias.com\/?p=14715","title":{"rendered":"Especializa\u00e7\u00e3o do SUS fortalece e melhora o acesso dos usu\u00e1rios aos servi\u00e7os em Remanso e regi\u00e3o"},"content":{"rendered":"<p style=\"text-align: justify;\"><a href=\"https:\/\/www.remansonoticias.com.br\/wp-content\/uploads\/2014\/06\/curso31.jpg\"><img loading=\"lazy\" decoding=\"async\" class=\"aligncenter wp-image-14716\" src=\"https:\/\/www.remansonoticias.com.br\/wp-content\/uploads\/2014\/06\/curso31.jpg\" alt=\"curso3(1)\" width=\"665\" height=\"443\" srcset=\"https:\/\/portal.remanso-noticias.com\/wp-content\/uploads\/2014\/06\/curso31.jpg 500w, https:\/\/portal.remanso-noticias.com\/wp-content\/uploads\/2014\/06\/curso31-200x133.jpg 200w, https:\/\/portal.remanso-noticias.com\/wp-content\/uploads\/2014\/06\/curso31-180x120.jpg 180w\" sizes=\"auto, (max-width: 665px) 100vw, 665px\" \/><\/a><\/p>\n<p style=\"text-align: justify;\">Os cursos de especializa\u00e7\u00e3o do Projeto de Apoio ao SUS continuam em Juazeiro. Nesta quarta-feira, 04, as atividades foram iniciadas no campus da UNIVASF, com a aula \u201cCl\u00ednica Ampliada e Modelos de Aten\u00e7\u00e3o\u201d, atrav\u00e9s de uma V\u00eddeo-Confer\u00eancia Nacional para 41 regi\u00f5es, inclusive Pernambuco e Bahia, com cidades que comp\u00f5em a Rede Interestadual.<\/p>\n<p style=\"text-align: justify;\">Na Bahia, a estimativa \u00e9 de que at\u00e9 108 profissionais sejam formados em Juazeiro e na regi\u00e3o composta por oito munic\u00edpios: Campo Alegre de Lourdes, Casa Nova, Cura\u00e7\u00e1, Pil\u00e3o Arcado, Remanso, Sento S\u00e9, Sobradinho e Canudos, de forma que contribuir\u00e3o para uma maior qualifica\u00e7\u00e3o do SUS em cada localidade.<\/p>\n<p style=\"text-align: justify;\">A transmiss\u00e3o foi realizada com a palestra do especialista no SUS, Gast\u00e3o Wagner de Souza, convidado pelo Instituto de Ensino e Pesquisa S\u00edrio Liban\u00eas. O p\u00fablico: alunos dos tr\u00eas cursos &#8211; Gest\u00e3o da Cl\u00ednica nas Regi\u00f5es de Sa\u00fade, Regula\u00e7\u00e3o em Sa\u00fade no Sistema \u00danico de Sa\u00fade (SUS) e Educa\u00e7\u00e3o na Sa\u00fade para Preceptores do SUS. Os profissionais est\u00e3o inseridos na rede p\u00fablica (SUS). Para o facilitador, Avelar Batista dos Santos, falar das necessidades da popula\u00e7\u00e3o e dos modelos de aten\u00e7\u00e3o \u00e9 uma metodologia eficaz para os tr\u00eas cursos. \u201cS\u00f3 assim os profissionais poder\u00e3o ter uma melhor aplicabilidade cotidiana no processo de trabalho. Isso atrav\u00e9s das estrat\u00e9gias educacionais do Instituto S\u00edrio Liban\u00eas que realiza tamb\u00e9m oficinas, aprendizados baseados em equipes\u201d, disse.<\/p>\n<p style=\"text-align: justify;\">Avelar Batista explica a import\u00e2ncia da v\u00eddeo-transmiss\u00e3o. \u201c\u00c9 necess\u00e1rio que os profissionais percebam a dimens\u00e3o do curso e a articula\u00e7\u00e3o em todo o pa\u00eds. S\u00e3o novos conhecimentos vindos das realidades de cada local, de forma que fortalecer\u00e3o o SUS em todo o pa\u00eds e garantir\u00e1 o acesso aos atendimentos\u201d, enfatizou. Os cursos foram iniciados em dois de abril. As oficinas encerram sexta-feira desta semana, retornando em julho e encerrando em dezembro deste ano. O objetivo educacional durante os tr\u00eas dias \u00e9 identificar a necessidade de sa\u00fade e dos modelos de aten\u00e7\u00e3o.<\/p>\n<p style=\"text-align: justify;\">A v\u00eddeo-transmiss\u00e3o visa ampliar a capacidade dos profissionais na identifica\u00e7\u00e3o das necessidades de sa\u00fade das pessoas, da fam\u00edlia e comunidade. \u201cAl\u00e9m de apoiar a constru\u00e7\u00e3o de linhas de cuidado que possam expressar os fluxos assistenciais seguros e garantidos aos usu\u00e1rios, no sentido de atender as necessidades de sa\u00fade\u201d, registrou o facilitador. Para a enfermeira Tatiane Malta, que est\u00e1 fazendo o curso Gest\u00e3o da Cl\u00ednica, a iniciativa \u00e9 muito importante para enriquecimento profissional e qualifica\u00e7\u00e3o dos servi\u00e7os.<\/p>\n<p style=\"text-align: justify;\">\u201cMuito interessante esta oportunidade de aprender com v\u00e1rios profissionais do Brasil e de outras cidades da regi\u00e3o. Com isso, acrescento conhecimentos nas pr\u00e1ticas de aten\u00e7\u00e3o \u00e0 sa\u00fade e de enfermagem. Aqui discutimos casos, ampliamos o olhar de forma que o conhecimento n\u00e3o fique apenas restrito, pois como o ser humano muda, a assist\u00eancia deve evoluir. A palestra de Gast\u00e3o Wagner, pioneiro no acolhimento e na constru\u00e7\u00e3o do SUS, ser\u00e1 tamb\u00e9m base para minha especializa\u00e7\u00e3o\u201d, concluiu satisfeita. O evento \u00e9 uma realiza\u00e7\u00e3o da Secretaria da Sa\u00fade de Juazeiro em parceria com o Minist\u00e9rio da Sa\u00fade e o Instituto de Ensino e Pesquisa S\u00edrio Liban\u00eas, al\u00e9m de outros parceiros.<\/p>\n<div id=\"creditos\" class=\"creditos\"><em><strong>Informa\u00e7\u00f5es:<\/strong> V\u00e2nia Castro\/Assessoria Sesau<\/em><\/div>\n","protected":false},"excerpt":{"rendered":"<p>Os cursos de especializa\u00e7\u00e3o do Projeto de Apoio ao SUS continuam em Juazeiro. Nesta quarta-feira, 04, as atividades foram iniciadas no campus da UNIVASF, com a aula \u201cCl\u00ednica Ampliada e Modelos de Aten\u00e7\u00e3o\u201d, atrav\u00e9s de uma V\u00eddeo-Confer\u00eancia Nacional para 41 regi\u00f5es, inclusive Pernambuco e Bahia, com cidades que comp\u00f5em a Rede Interestadual. Na Bahia, a [&hellip;]<\/p>\n","protected":false},"author":2,"featured_media":14716,"comment_status":"open","ping_status":"open","sticky":false,"template":"","format":"standard","meta":{"footnotes":""},"categories":[6],"tags":[],"class_list":["post-14715","post","type-post","status-publish","format-standard","has-post-thumbnail","hentry","category-remanso"],"_links":{"self":[{"href":"https:\/\/portal.remanso-noticias.com\/index.php?rest_route=\/wp\/v2\/posts\/14715","targetHints":{"allow":["GET"]}}],"collection":[{"href":"https:\/\/portal.remanso-noticias.com\/index.php?rest_route=\/wp\/v2\/posts"}],"about":[{"href":"https:\/\/portal.remanso-noticias.com\/index.php?rest_route=\/wp\/v2\/types\/post"}],"author":[{"embeddable":true,"href":"https:\/\/portal.remanso-noticias.com\/index.php?rest_route=\/wp\/v2\/users\/2"}],"replies":[{"embeddable":true,"href":"https:\/\/portal.remanso-noticias.com\/index.php?rest_route=%2Fwp%2Fv2%2Fcomments&post=14715"}],"version-history":[{"count":1,"href":"https:\/\/portal.remanso-noticias.com\/index.php?rest_route=\/wp\/v2\/posts\/14715\/revisions"}],"predecessor-version":[{"id":14717,"href":"https:\/\/portal.remanso-noticias.com\/index.php?rest_route=\/wp\/v2\/posts\/14715\/revisions\/14717"}],"wp:featuredmedia":[{"embeddable":true,"href":"https:\/\/portal.remanso-noticias.com\/index.php?rest_route=\/wp\/v2\/media\/14716"}],"wp:attachment":[{"href":"https:\/\/portal.remanso-noticias.com\/index.php?rest_route=%2Fwp%2Fv2%2Fmedia&parent=14715"}],"wp:term":[{"taxonomy":"category","embeddable":true,"href":"https:\/\/portal.remanso-noticias.com\/index.php?rest_route=%2Fwp%2Fv2%2Fcategories&post=14715"},{"taxonomy":"post_tag","embeddable":true,"href":"https:\/\/portal.remanso-noticias.com\/index.php?rest_route=%2Fwp%2Fv2%2Ftags&post=14715"}],"curies":[{"name":"wp","href":"https:\/\/api.w.org\/{rel}","templated":true}]}}