{"id":12969,"date":"2014-04-22T20:42:06","date_gmt":"2014-04-22T23:42:06","guid":{"rendered":"https:\/\/192.185.176.80\/~reman823\/?p=12969"},"modified":"2014-04-22T20:42:06","modified_gmt":"2014-04-22T23:42:06","slug":"vacinacao-contra-gripe-inclui-maior-numero-de-criancas","status":"publish","type":"post","link":"https:\/\/portal.remanso-noticias.com\/?p=12969","title":{"rendered":"Vacina\u00e7\u00e3o contra gripe inclui maior n\u00famero de crian\u00e7as"},"content":{"rendered":"<p><a href=\"https:\/\/192.185.176.80\/~reman823\/wp-content\/uploads\/2014\/04\/xIMAGEM_NOTICIA_5.jpg.pagespeed.ic_.yiyGnU8X5V.jpg\"><img loading=\"lazy\" decoding=\"async\" class=\"alignleft size-medium wp-image-12970\" alt=\"xIMAGEM_NOTICIA_5.jpg.pagespeed.ic.yiyGnU8X5V\" src=\"https:\/\/192.185.176.80\/~reman823\/wp-content\/uploads\/2014\/04\/xIMAGEM_NOTICIA_5.jpg.pagespeed.ic_.yiyGnU8X5V-300x221.jpg\" width=\"300\" height=\"221\" srcset=\"https:\/\/portal.remanso-noticias.com\/wp-content\/uploads\/2014\/04\/xIMAGEM_NOTICIA_5.jpg.pagespeed.ic_.yiyGnU8X5V-300x221.jpg 300w, https:\/\/portal.remanso-noticias.com\/wp-content\/uploads\/2014\/04\/xIMAGEM_NOTICIA_5.jpg.pagespeed.ic_.yiyGnU8X5V.jpg 380w\" sizes=\"auto, (max-width: 300px) 100vw, 300px\" \/><\/a>A Campanha Nacional de Vacina\u00e7\u00e3o contra a Gripe que come\u00e7a nesta ter\u00e7a-feira (22) amplia a faixa et\u00e1ria de crian\u00e7as que devem ser imunizadas neste ano. Com a nova regra, crian\u00e7as de seis meses a menos de cinco anos poder\u00e3o ser vacinadas. Em 2013, o Minist\u00e9rio da Sa\u00fade determinou que apenas crian\u00e7as com at\u00e9 dois anos podiam receber a vacina. De acordo com a pasta, a amplia\u00e7\u00e3o da faixa et\u00e1ria vai beneficiar tanto as crian\u00e7as quanto outros grupos vulner\u00e1veis, como menores de seis meses de idade que ainda s\u00e3o amamentados, idosos e pessoas com doen\u00e7as cr\u00f4nicas. A campanha continua at\u00e9 o dia 9 de maio e a meta do governo \u00e9 vacinar pelo menos 80% do p\u00fablico, estimado em 49,6 milh\u00f5es de crian\u00e7as. o minist\u00e9rio da Sa\u00fade tamb\u00e9m disponibilizar\u00e1 a vacina para grupos considerados mais vulner\u00e1veis \u00e0 gripe, como pessoas com 60 anos ou mais, trabalhadores da sa\u00fade, povos ind\u00edgenas, gestantes, m\u00e3es at\u00e9 45 dias ap\u00f3s o parto, popula\u00e7\u00e3o privada de liberdade e funcion\u00e1rios do sistema prisional. Pessoas com doen\u00e7as cr\u00f4nicas n\u00e3o transmiss\u00edveis ou que est\u00e3o em condi\u00e7\u00f5es cl\u00ednicas especiais ter\u00e3o que apresentar prescri\u00e7\u00e3o m\u00e9dica no ato da vacina\u00e7\u00e3o. A campanha ser\u00e1 veiculada na TV, no r\u00e1dio, na m\u00eddia impressa e internet, com custo total de R$ 14 milh\u00f5es.<\/p>\n<p><em><strong>Informa\u00e7\u00f5es:<\/strong> Ag\u00eancia Brasil<\/em><\/p>\n","protected":false},"excerpt":{"rendered":"<p>A Campanha Nacional de Vacina\u00e7\u00e3o contra a Gripe que come\u00e7a nesta ter\u00e7a-feira (22) amplia a faixa et\u00e1ria de crian\u00e7as que devem ser imunizadas neste ano. Com a nova regra, crian\u00e7as de seis meses a menos de cinco anos poder\u00e3o ser vacinadas. Em 2013, o Minist\u00e9rio da Sa\u00fade determinou que apenas crian\u00e7as com at\u00e9 dois anos [&hellip;]<\/p>\n","protected":false},"author":2,"featured_media":12970,"comment_status":"open","ping_status":"open","sticky":false,"template":"","format":"standard","meta":{"footnotes":""},"categories":[5],"tags":[],"class_list":["post-12969","post","type-post","status-publish","format-standard","has-post-thumbnail","hentry","category-geral"],"_links":{"self":[{"href":"https:\/\/portal.remanso-noticias.com\/index.php?rest_route=\/wp\/v2\/posts\/12969","targetHints":{"allow":["GET"]}}],"collection":[{"href":"https:\/\/portal.remanso-noticias.com\/index.php?rest_route=\/wp\/v2\/posts"}],"about":[{"href":"https:\/\/portal.remanso-noticias.com\/index.php?rest_route=\/wp\/v2\/types\/post"}],"author":[{"embeddable":true,"href":"https:\/\/portal.remanso-noticias.com\/index.php?rest_route=\/wp\/v2\/users\/2"}],"replies":[{"embeddable":true,"href":"https:\/\/portal.remanso-noticias.com\/index.php?rest_route=%2Fwp%2Fv2%2Fcomments&post=12969"}],"version-history":[{"count":1,"href":"https:\/\/portal.remanso-noticias.com\/index.php?rest_route=\/wp\/v2\/posts\/12969\/revisions"}],"predecessor-version":[{"id":12971,"href":"https:\/\/portal.remanso-noticias.com\/index.php?rest_route=\/wp\/v2\/posts\/12969\/revisions\/12971"}],"wp:featuredmedia":[{"embeddable":true,"href":"https:\/\/portal.remanso-noticias.com\/index.php?rest_route=\/wp\/v2\/media\/12970"}],"wp:attachment":[{"href":"https:\/\/portal.remanso-noticias.com\/index.php?rest_route=%2Fwp%2Fv2%2Fmedia&parent=12969"}],"wp:term":[{"taxonomy":"category","embeddable":true,"href":"https:\/\/portal.remanso-noticias.com\/index.php?rest_route=%2Fwp%2Fv2%2Fcategories&post=12969"},{"taxonomy":"post_tag","embeddable":true,"href":"https:\/\/portal.remanso-noticias.com\/index.php?rest_route=%2Fwp%2Fv2%2Ftags&post=12969"}],"curies":[{"name":"wp","href":"https:\/\/api.w.org\/{rel}","templated":true}]}}