{"id":12964,"date":"2014-04-15T23:10:30","date_gmt":"2014-04-16T02:10:30","guid":{"rendered":"https:\/\/192.185.176.80\/~reman823\/?p=12964"},"modified":"2014-04-15T23:11:05","modified_gmt":"2014-04-16T02:11:05","slug":"enem-deve-ser-aplicado-nos-dias-8-e-9-de-novembro","status":"publish","type":"post","link":"https:\/\/portal.remanso-noticias.com\/?p=12964","title":{"rendered":"Enem deve ser aplicado nos dias 8 e 9 de novembro"},"content":{"rendered":"<div class=\"editor clear\"><a href=\"https:\/\/192.185.176.80\/~reman823\/wp-content\/uploads\/2014\/04\/xIMAGEM_NOTICIA_5.jpg.pagespeed.ic_.onPC3DCzW8.jpg\"><img loading=\"lazy\" decoding=\"async\" class=\"alignleft size-medium wp-image-12965\" alt=\"xIMAGEM_NOTICIA_5.jpg.pagespeed.ic.onPC3DCzW8\" src=\"https:\/\/192.185.176.80\/~reman823\/wp-content\/uploads\/2014\/04\/xIMAGEM_NOTICIA_5.jpg.pagespeed.ic_.onPC3DCzW8-300x221.jpg\" width=\"300\" height=\"221\" srcset=\"https:\/\/portal.remanso-noticias.com\/wp-content\/uploads\/2014\/04\/xIMAGEM_NOTICIA_5.jpg.pagespeed.ic_.onPC3DCzW8-300x221.jpg 300w, https:\/\/portal.remanso-noticias.com\/wp-content\/uploads\/2014\/04\/xIMAGEM_NOTICIA_5.jpg.pagespeed.ic_.onPC3DCzW8.jpg 380w\" sizes=\"auto, (max-width: 300px) 100vw, 300px\" \/><\/a>O Exame Nacional do Ensino M\u00e9dio (Enem) dever\u00e1 ser aplicado nos dias 8 e 9 de novembro deste ano, de acordo com o Instituto Nacional de Estudos e Pesquisas Educacionais An\u00edsio Teixeira (Inep). A defini\u00e7\u00e3o ainda depende da consulta a institui\u00e7\u00f5es de ensino, que devem informar a disponibilidade de datas. No ano passado, a prova foi aplicada mais cedo, nos dias 26 e 27 de outubro. O resultado final foi divulgado no dia 3 de janeiro. Caso a previs\u00e3o deste ano seja confirmada, as avalia\u00e7\u00f5es do Enem 2014 devem ser aplicadas no final de semana ap\u00f3s as elei\u00e7\u00f5es, marcadas para outubro. O candidato pode usar a nota para participar de programas como o Sistema de Sele\u00e7\u00e3o de Unificada (Sisu), o Programa Universidade para Todos (ProUni), o Sistema de Sele\u00e7\u00e3o Unificada do Ensino T\u00e9cnico e Profissional (Sisutec), o Fundo de Financiamento Estudantil (Fies) e o Programa Ci\u00eancia sem Fronteiras.<\/div>\n","protected":false},"excerpt":{"rendered":"<p>O Exame Nacional do Ensino M\u00e9dio (Enem) dever\u00e1 ser aplicado nos dias 8 e 9 de novembro deste ano, de acordo com o Instituto Nacional de Estudos e Pesquisas Educacionais An\u00edsio Teixeira (Inep). A defini\u00e7\u00e3o ainda depende da consulta a institui\u00e7\u00f5es de ensino, que devem informar a disponibilidade de datas. No ano passado, a prova [&hellip;]<\/p>\n","protected":false},"author":2,"featured_media":12965,"comment_status":"open","ping_status":"open","sticky":false,"template":"","format":"standard","meta":{"footnotes":""},"categories":[5],"tags":[],"class_list":["post-12964","post","type-post","status-publish","format-standard","has-post-thumbnail","hentry","category-geral"],"_links":{"self":[{"href":"https:\/\/portal.remanso-noticias.com\/index.php?rest_route=\/wp\/v2\/posts\/12964","targetHints":{"allow":["GET"]}}],"collection":[{"href":"https:\/\/portal.remanso-noticias.com\/index.php?rest_route=\/wp\/v2\/posts"}],"about":[{"href":"https:\/\/portal.remanso-noticias.com\/index.php?rest_route=\/wp\/v2\/types\/post"}],"author":[{"embeddable":true,"href":"https:\/\/portal.remanso-noticias.com\/index.php?rest_route=\/wp\/v2\/users\/2"}],"replies":[{"embeddable":true,"href":"https:\/\/portal.remanso-noticias.com\/index.php?rest_route=%2Fwp%2Fv2%2Fcomments&post=12964"}],"version-history":[{"count":1,"href":"https:\/\/portal.remanso-noticias.com\/index.php?rest_route=\/wp\/v2\/posts\/12964\/revisions"}],"predecessor-version":[{"id":12966,"href":"https:\/\/portal.remanso-noticias.com\/index.php?rest_route=\/wp\/v2\/posts\/12964\/revisions\/12966"}],"wp:featuredmedia":[{"embeddable":true,"href":"https:\/\/portal.remanso-noticias.com\/index.php?rest_route=\/wp\/v2\/media\/12965"}],"wp:attachment":[{"href":"https:\/\/portal.remanso-noticias.com\/index.php?rest_route=%2Fwp%2Fv2%2Fmedia&parent=12964"}],"wp:term":[{"taxonomy":"category","embeddable":true,"href":"https:\/\/portal.remanso-noticias.com\/index.php?rest_route=%2Fwp%2Fv2%2Fcategories&post=12964"},{"taxonomy":"post_tag","embeddable":true,"href":"https:\/\/portal.remanso-noticias.com\/index.php?rest_route=%2Fwp%2Fv2%2Ftags&post=12964"}],"curies":[{"name":"wp","href":"https:\/\/api.w.org\/{rel}","templated":true}]}}