{"id":12935,"date":"2014-04-15T19:24:08","date_gmt":"2014-04-15T22:24:08","guid":{"rendered":"https:\/\/192.185.176.80\/~reman823\/?p=12935"},"modified":"2014-04-15T19:25:06","modified_gmt":"2014-04-15T22:25:06","slug":"pm-de-remanso-efetua-prisoes-em-flagrante-pelo-o-crime-de-receptacao-de-veiculos-roubado","status":"publish","type":"post","link":"https:\/\/portal.remanso-noticias.com\/?p=12935","title":{"rendered":"PM de Remanso efetua pris\u00f5es em flagrante pelo o crime de Recepta\u00e7\u00e3o de Ve\u00edculos Roubado"},"content":{"rendered":"<p><a href=\"https:\/\/192.185.176.80\/~reman823\/wp-content\/uploads\/2014\/04\/20140414_132609_resized_1.jpg\"><img loading=\"lazy\" decoding=\"async\" class=\"wp-image-12937 aligncenter\" alt=\"20140414_132609_resized_1\" src=\"https:\/\/192.185.176.80\/~reman823\/wp-content\/uploads\/2014\/04\/20140414_132609_resized_1.jpg\" width=\"665\" height=\"498\" srcset=\"https:\/\/portal.remanso-noticias.com\/wp-content\/uploads\/2014\/04\/20140414_132609_resized_1.jpg 1600w, https:\/\/portal.remanso-noticias.com\/wp-content\/uploads\/2014\/04\/20140414_132609_resized_1-300x225.jpg 300w, https:\/\/portal.remanso-noticias.com\/wp-content\/uploads\/2014\/04\/20140414_132609_resized_1-1024x768.jpg 1024w\" sizes=\"auto, (max-width: 665px) 100vw, 665px\" \/><\/a><\/p>\n<p>A cidade de Remanso foi surpreendida por uma opera\u00e7\u00e3o policial e apreens\u00e3o de ve\u00edculos roubados nas primeiras horas da manh\u00e3 do \u00faltimo domingo (13), que resultou na apreens\u00e3o de sete ve\u00edculos com restri\u00e7\u00e3o de furto ou roubo, sendo quatro com suspeita de adultera\u00e7\u00e3o no Chassi ou motor. O levantamento dos mandados de busca e apreens\u00e3o, expedidos pela Vara Crime de Remanso\/BA, foi realizado pelo servi\u00e7o de Intelig\u00eancia da 25\u00aa CIPM\/Casa Nova.<\/p>\n<p style=\"text-align: center;\"><a href=\"https:\/\/192.185.176.80\/~reman823\/wp-content\/uploads\/2014\/04\/20140414_123419_resized_1.jpg\"><img loading=\"lazy\" decoding=\"async\" class=\"aligncenter  wp-image-12936\" alt=\"20140414_123419_resized_1\" src=\"https:\/\/192.185.176.80\/~reman823\/wp-content\/uploads\/2014\/04\/20140414_123419_resized_1.jpg\" width=\"665\" height=\"499\" srcset=\"https:\/\/portal.remanso-noticias.com\/wp-content\/uploads\/2014\/04\/20140414_123419_resized_1.jpg 1600w, https:\/\/portal.remanso-noticias.com\/wp-content\/uploads\/2014\/04\/20140414_123419_resized_1-300x225.jpg 300w, https:\/\/portal.remanso-noticias.com\/wp-content\/uploads\/2014\/04\/20140414_123419_resized_1-1024x768.jpg 1024w\" sizes=\"auto, (max-width: 665px) 100vw, 665px\" \/><\/a><\/p>\n<p>Em nota, a 25\u00aa CIPM informou que sete homens que conduziam os ve\u00edculos foram presos em flagrante. Os ve\u00edculos com suspeita de adultera\u00e7\u00e3o no chassi ou motor foram encaminhados para a per\u00edcia. O caso foi encaminhado para o DEPOL de Remanso\/BA. A opera\u00e7\u00e3o resultou na pris\u00e3o em flagrante delito as pessoas de: Anselmo de Andrade Moura, Raimundo Nonato Ribeiro Almeida, Edvaldo Ferreira de Brito, Paulo Rodrigues de Andrade, Wanderley Fernandes da Silva, Ueslei Ferreira Lima e Marcio Francisco Gomes.<\/p>\n<p>Veja a lista dos ve\u00edculos apreendidos:<\/p>\n<table width=\"650\" border=\"0\">\n<tbody>\n<tr>\n<td colspan=\"2\" valign=\"top\">\n<table border=\"1\" cellspacing=\"1\" cellpadding=\"1\">\n<tbody>\n<tr>\n<td>FIAT STRADA ADVENTURE VERMELHO &#8211; Placa JST-9097<\/td>\n<td>GM S10, COR BRANCA, Placa HWM &#8211; 5139<\/td>\n<\/tr>\n<tr>\n<td>FORD ECO SPORT PRETO, Placa: DPX 5924<\/td>\n<td>FIAT PUNTO, COR PRETA, Placa NKD &#8211; 2309<\/td>\n<\/tr>\n<tr>\n<td>FIAT STRADA ADVENTURE CINZA, JST 3413<\/td>\n<td>VOYAGE BEGE, Placa: EGN 2139;<\/td>\n<\/tr>\n<tr>\n<td>FIAT STRADA TREK, COR BRANCA, Placa: EGK -1718<\/td>\n<\/tr>\n<\/tbody>\n<\/table>\n<\/td>\n<\/tr>\n<tr>\n<td colspan=\"2\" valign=\"top\" height=\"20\"><\/td>\n<\/tr>\n<\/tbody>\n<\/table>\n<p><em><strong>Fonte:<\/strong> Geraldo Jos\u00e9<\/em><\/p>\n","protected":false},"excerpt":{"rendered":"<p>A cidade de Remanso foi surpreendida por uma opera\u00e7\u00e3o policial e apreens\u00e3o de ve\u00edculos roubados nas primeiras horas da manh\u00e3 do \u00faltimo domingo (13), que resultou na apreens\u00e3o de sete ve\u00edculos com restri\u00e7\u00e3o de furto ou roubo, sendo quatro com suspeita de adultera\u00e7\u00e3o no Chassi ou motor. O levantamento dos mandados de busca e apreens\u00e3o, [&hellip;]<\/p>\n","protected":false},"author":2,"featured_media":12936,"comment_status":"open","ping_status":"open","sticky":false,"template":"","format":"standard","meta":{"footnotes":""},"categories":[6],"tags":[],"class_list":["post-12935","post","type-post","status-publish","format-standard","has-post-thumbnail","hentry","category-remanso"],"_links":{"self":[{"href":"https:\/\/portal.remanso-noticias.com\/index.php?rest_route=\/wp\/v2\/posts\/12935","targetHints":{"allow":["GET"]}}],"collection":[{"href":"https:\/\/portal.remanso-noticias.com\/index.php?rest_route=\/wp\/v2\/posts"}],"about":[{"href":"https:\/\/portal.remanso-noticias.com\/index.php?rest_route=\/wp\/v2\/types\/post"}],"author":[{"embeddable":true,"href":"https:\/\/portal.remanso-noticias.com\/index.php?rest_route=\/wp\/v2\/users\/2"}],"replies":[{"embeddable":true,"href":"https:\/\/portal.remanso-noticias.com\/index.php?rest_route=%2Fwp%2Fv2%2Fcomments&post=12935"}],"version-history":[{"count":1,"href":"https:\/\/portal.remanso-noticias.com\/index.php?rest_route=\/wp\/v2\/posts\/12935\/revisions"}],"predecessor-version":[{"id":12938,"href":"https:\/\/portal.remanso-noticias.com\/index.php?rest_route=\/wp\/v2\/posts\/12935\/revisions\/12938"}],"wp:featuredmedia":[{"embeddable":true,"href":"https:\/\/portal.remanso-noticias.com\/index.php?rest_route=\/wp\/v2\/media\/12936"}],"wp:attachment":[{"href":"https:\/\/portal.remanso-noticias.com\/index.php?rest_route=%2Fwp%2Fv2%2Fmedia&parent=12935"}],"wp:term":[{"taxonomy":"category","embeddable":true,"href":"https:\/\/portal.remanso-noticias.com\/index.php?rest_route=%2Fwp%2Fv2%2Fcategories&post=12935"},{"taxonomy":"post_tag","embeddable":true,"href":"https:\/\/portal.remanso-noticias.com\/index.php?rest_route=%2Fwp%2Fv2%2Ftags&post=12935"}],"curies":[{"name":"wp","href":"https:\/\/api.w.org\/{rel}","templated":true}]}}