{"id":12785,"date":"2014-04-12T16:48:53","date_gmt":"2014-04-12T19:48:53","guid":{"rendered":"https:\/\/192.185.176.80\/~reman823\/?p=12785"},"modified":"2014-04-12T16:50:33","modified_gmt":"2014-04-12T19:50:33","slug":"eclipse-total-da-lua-no-proximo-dia-15-de-abril","status":"publish","type":"post","link":"https:\/\/portal.remanso-noticias.com\/?p=12785","title":{"rendered":"Eclipse total da Lua no proximo dia 15 de abril"},"content":{"rendered":"<p><a href=\"https:\/\/192.185.176.80\/~reman823\/wp-content\/uploads\/2014\/04\/eclipse.jpg\"><img loading=\"lazy\" decoding=\"async\" class=\"alignleft size-medium wp-image-12786\" alt=\"eclipse\" src=\"https:\/\/192.185.176.80\/~reman823\/wp-content\/uploads\/2014\/04\/eclipse-300x199.jpg\" width=\"300\" height=\"199\" srcset=\"https:\/\/portal.remanso-noticias.com\/wp-content\/uploads\/2014\/04\/eclipse-300x199.jpg 300w, https:\/\/portal.remanso-noticias.com\/wp-content\/uploads\/2014\/04\/eclipse-180x120.jpg 180w, https:\/\/portal.remanso-noticias.com\/wp-content\/uploads\/2014\/04\/eclipse.jpg 507w\" sizes=\"auto, (max-width: 300px) 100vw, 300px\" \/><\/a>Na madrugada de \u00a015 de abril ocorrer\u00e1 um eclipse lunar total que ser\u00e1 vis\u00edvel \u00a0em todo o Brasil, mas, os moradores das ilhas continentais s\u00f3 observar\u00e3o por algum tempo a fase em que a Lua fica obscurecida. As regi\u00f5es brasileiras mais a oeste, como o Acre e \u00a0parte do Amazonas, ser\u00e3o privilegiadas e poder\u00e3o acompanhar todas as etapas desse fen\u00f4meno. Para o Acre, que retornou ao fuso hor\u00e1rio UT-5, a primeira fase do eclipse come\u00e7ar\u00e1 no dia 14 de abril.<\/p>\n<p>Um eclipse lunar total passa por algumas fases antes da totalidade, que ocorre quando a Lua entra na parte mais escura da sombra produzida pela Terra. Inicialmente ocorre um eclipse lunar penumbral, quando a Lua apenas diminui o seu brilho e n\u00e3o \u00e9 percept\u00edvel nem a olho nu e nem com telesc\u00f3pios amadores. Logo depois acontece um eclipse parcial da Lua que costuma ser a parte preferida do p\u00fablico, quando a Lua parece estar mordida. Ap\u00f3s a totalidade, os dois eclipses anteriores se invertem; \u00a0 \u00a0ocorre um eclipse lunar parcial que \u00e9 seguido por um eclipse lunar penumbral at\u00e9 o \u00a0t\u00e9rmino do eclipse.<\/p>\n<div><\/div>\n<div>Um eclipse lunar total ocorre quando a Lua, na fase cheia, alcan\u00e7a a regi\u00e3o \u00a0da sombra que a Terra projeta no espa\u00e7o. \u00a0Para que um eclipse total ocorra deve acontecer um alinhamento entre o Sol, a Terra e a Lua. \u00a0Mesmo quando a Lua entra totalmente na umbra, que \u00e9 a parte mais escura da sombra da Terra, ela n\u00e3o desaparece totalmente, apresentando uma cor avermelhada. Isso ocorre porque a luz solar \u00e9 espalhada e refratada na atmosfera da Terra, que funciona como um filtro. A luz azul \u00e9 \u00a0muito mais dispersada do que a luz vermelha, e segue diversas dire\u00e7\u00f5es. A luz vermelha permanece mais pr\u00f3xima ao seu trajeto original e parte dessa luz alcan\u00e7a a Lua. A presen\u00e7a de poeira e a fuma\u00e7a no ar ajudam a tornar a cor da Lua avermelhada.<\/div>\n<div><\/div>\n<div>\u00c9 importante salientar que a vis\u00e3o de um evento astron\u00f4mico depende da localiza\u00e7\u00e3o do habitante em nosso planeta. Quem segue o fuso hor\u00e1rio de Cuiab\u00e1 (UT-4) conseguir\u00e1 avistar a totalidade desse eclipse e o eclipse lunar parcial que o segue. Antes de terminar o eclipse penumbral a Lua n\u00e3o estar\u00e1 mais vis\u00edvel. Em termos pr\u00e1ticos, se as condi\u00e7\u00f5es clim\u00e1ticas nos estiverem favor\u00e1veis ser\u00e1 poss\u00edvel observar a Lua obscurecida e \u201cmordida\u201d duas vezes, antes e ap\u00f3s sair da totalidade. Para os habitantes do Acre todo o eclipse lunar penumbral na fase final ainda estar\u00e1 dispon\u00edvel, mas, como esse tipo de eclipse lunar n\u00e3o \u00e9 \u00a0facilmente percept\u00edvel, essa n\u00e3o \u00e9 uma grande vantagem. Ocorre que para um \u00a0habitante mais a oeste, em Rio Branco (UT-5), por exemplo, a Lua estar\u00e1 mais alta durante o eclipse e o fen\u00f4meno ser\u00e1 observado mais facilmente. Para um morador de Recife (UT-3) a Lua j\u00e1 estar\u00e1 mais baixa no c\u00e9u, dificultando a sua observa\u00e7\u00e3o. \u00a0Para observadores com o mesmo fuso hor\u00e1rio, como os de Jo\u00e3o Pessoa e Bras\u00edlia, ambos com UT-3, por exemplo, as diversas etapas do eclipse lunar ocorrer\u00e3o ao mesmo tempo, mas, os observadores mais a oeste (os de Bras\u00edlia) ter\u00e3o uma melhor visualiza\u00e7\u00e3o do fen\u00f4meno.<\/div>\n<div><\/div>\n<div>Esse eclipse lunar total est\u00e1 sendo chamado de Lua Sangrenta (\u201cBlood Moon\u201d), popularizado pelo pastor John Hagee em seu livro \u201cQuatro Luas de Sangue\u201d. \u00a0 Ocorrer\u00e3o quatro eclipses lunares totais em sequ\u00eancia, poss\u00edveis de serem observados na Terra: em 14-15 de abril de 2014, 8 de outubro de 2014, 4 de abril de 2015 e 27-28 de setembro de 2015.<\/div>\n<div><\/div>\n<div>Para a Astronomia esse fato n\u00e3o tem nenhum significado, muito menos para n\u00f3s no Brasil. Como a observa\u00e7\u00e3o de eventos astron\u00f4micos depende da localiza\u00e7\u00e3o do observador, n\u00f3s s\u00f3 poderemos observar outro eclipse lunar total em 27-28 de setembro de 2015, come\u00e7ando na noite de 27 de setembro e terminando na madrugada de 28 \u00a0de setembro de 2015. Portanto, para n\u00f3s ser\u00e3o dois, e n\u00e3o quatro eclipses lunares totais no per\u00edodo 2014-2015.<\/div>\n","protected":false},"excerpt":{"rendered":"<p>Na madrugada de \u00a015 de abril ocorrer\u00e1 um eclipse lunar total que ser\u00e1 vis\u00edvel \u00a0em todo o Brasil, mas, os moradores das ilhas continentais s\u00f3 observar\u00e3o por algum tempo a fase em que a Lua fica obscurecida. As regi\u00f5es brasileiras mais a oeste, como o Acre e \u00a0parte do Amazonas, ser\u00e3o privilegiadas e poder\u00e3o acompanhar [&hellip;]<\/p>\n","protected":false},"author":2,"featured_media":12786,"comment_status":"open","ping_status":"open","sticky":false,"template":"","format":"standard","meta":{"footnotes":""},"categories":[5],"tags":[],"class_list":["post-12785","post","type-post","status-publish","format-standard","has-post-thumbnail","hentry","category-geral"],"_links":{"self":[{"href":"https:\/\/portal.remanso-noticias.com\/index.php?rest_route=\/wp\/v2\/posts\/12785","targetHints":{"allow":["GET"]}}],"collection":[{"href":"https:\/\/portal.remanso-noticias.com\/index.php?rest_route=\/wp\/v2\/posts"}],"about":[{"href":"https:\/\/portal.remanso-noticias.com\/index.php?rest_route=\/wp\/v2\/types\/post"}],"author":[{"embeddable":true,"href":"https:\/\/portal.remanso-noticias.com\/index.php?rest_route=\/wp\/v2\/users\/2"}],"replies":[{"embeddable":true,"href":"https:\/\/portal.remanso-noticias.com\/index.php?rest_route=%2Fwp%2Fv2%2Fcomments&post=12785"}],"version-history":[{"count":2,"href":"https:\/\/portal.remanso-noticias.com\/index.php?rest_route=\/wp\/v2\/posts\/12785\/revisions"}],"predecessor-version":[{"id":12788,"href":"https:\/\/portal.remanso-noticias.com\/index.php?rest_route=\/wp\/v2\/posts\/12785\/revisions\/12788"}],"wp:featuredmedia":[{"embeddable":true,"href":"https:\/\/portal.remanso-noticias.com\/index.php?rest_route=\/wp\/v2\/media\/12786"}],"wp:attachment":[{"href":"https:\/\/portal.remanso-noticias.com\/index.php?rest_route=%2Fwp%2Fv2%2Fmedia&parent=12785"}],"wp:term":[{"taxonomy":"category","embeddable":true,"href":"https:\/\/portal.remanso-noticias.com\/index.php?rest_route=%2Fwp%2Fv2%2Fcategories&post=12785"},{"taxonomy":"post_tag","embeddable":true,"href":"https:\/\/portal.remanso-noticias.com\/index.php?rest_route=%2Fwp%2Fv2%2Ftags&post=12785"}],"curies":[{"name":"wp","href":"https:\/\/api.w.org\/{rel}","templated":true}]}}