{"id":12782,"date":"2014-04-11T23:59:40","date_gmt":"2014-04-12T02:59:40","guid":{"rendered":"https:\/\/192.185.176.80\/~reman823\/?p=12782"},"modified":"2014-04-12T00:00:39","modified_gmt":"2014-04-12T03:00:39","slug":"de-salto-alto-policial-saca-arma-e-surpreende-supostos-criminosos-no-rio","status":"publish","type":"post","link":"https:\/\/portal.remanso-noticias.com\/?p=12782","title":{"rendered":"De salto alto, policial saca arma e surpreende supostos criminosos no Rio"},"content":{"rendered":"<figure id=\"attachment_12783\" aria-describedby=\"caption-attachment-12783\" style=\"width: 292px\" class=\"wp-caption alignleft\"><a href=\"https:\/\/192.185.176.80\/~reman823\/wp-content\/uploads\/2014\/04\/2014.4.11_-_saltoaltoweb.jpg\"><img loading=\"lazy\" decoding=\"async\" class=\"size-full wp-image-12783\" alt=\"A subcomandante Fabiana Silva\" src=\"https:\/\/192.185.176.80\/~reman823\/wp-content\/uploads\/2014\/04\/2014.4.11_-_saltoaltoweb.jpg\" width=\"292\" height=\"280\" \/><\/a><figcaption id=\"caption-attachment-12783\" class=\"wp-caption-text\">A subcomandante Fabiana Silva<\/figcaption><\/figure>\n<p>Era a major Fabiana Silva, subcomandante do 22.\u00ba Batalh\u00e3o (Mar\u00e9), que estava a caminho do trabalho, quando viu um grupo de homens, alguns com pedras nas m\u00e3os, logo ap\u00f3s a desocupa\u00e7\u00e3o da Favela da Telerj, erguida em um terreno da Oi, no Engenho Novo. Fabiana desceu do carro e, empunhando uma pistola, impediu a suposta a\u00e7\u00e3o.<\/p>\n<p>Em nota, a assessoria da PM informou que a major, que tem 16 anos de corpora\u00e7\u00e3o, desconfiou que o grupo tentaria atear fogo a outro \u00f4nibus. Os homens fugiram em dire\u00e7\u00e3o \u00e0 comunidade do Arar\u00e1, em Manguinhos.<\/p>\n<p>A cena foi registrada pelo jornal <em>Extra<\/em>, que passava no local. Depois de conter o grupo, Fabiana orientou policiais militares sobre a posi\u00e7\u00e3o que eles deveriam tomar.<\/p>\n<p><em><strong>Fonte:<\/strong> Estad\u00e3o<\/em><\/p>\n","protected":false},"excerpt":{"rendered":"<p>Era a major Fabiana Silva, subcomandante do 22.\u00ba Batalh\u00e3o (Mar\u00e9), que estava a caminho do trabalho, quando viu um grupo de homens, alguns com pedras nas m\u00e3os, logo ap\u00f3s a desocupa\u00e7\u00e3o da Favela da Telerj, erguida em um terreno da Oi, no Engenho Novo. Fabiana desceu do carro e, empunhando uma pistola, impediu a suposta [&hellip;]<\/p>\n","protected":false},"author":2,"featured_media":12783,"comment_status":"open","ping_status":"open","sticky":false,"template":"","format":"standard","meta":{"footnotes":""},"categories":[5],"tags":[],"class_list":["post-12782","post","type-post","status-publish","format-standard","has-post-thumbnail","hentry","category-geral"],"_links":{"self":[{"href":"https:\/\/portal.remanso-noticias.com\/index.php?rest_route=\/wp\/v2\/posts\/12782","targetHints":{"allow":["GET"]}}],"collection":[{"href":"https:\/\/portal.remanso-noticias.com\/index.php?rest_route=\/wp\/v2\/posts"}],"about":[{"href":"https:\/\/portal.remanso-noticias.com\/index.php?rest_route=\/wp\/v2\/types\/post"}],"author":[{"embeddable":true,"href":"https:\/\/portal.remanso-noticias.com\/index.php?rest_route=\/wp\/v2\/users\/2"}],"replies":[{"embeddable":true,"href":"https:\/\/portal.remanso-noticias.com\/index.php?rest_route=%2Fwp%2Fv2%2Fcomments&post=12782"}],"version-history":[{"count":1,"href":"https:\/\/portal.remanso-noticias.com\/index.php?rest_route=\/wp\/v2\/posts\/12782\/revisions"}],"predecessor-version":[{"id":12784,"href":"https:\/\/portal.remanso-noticias.com\/index.php?rest_route=\/wp\/v2\/posts\/12782\/revisions\/12784"}],"wp:featuredmedia":[{"embeddable":true,"href":"https:\/\/portal.remanso-noticias.com\/index.php?rest_route=\/wp\/v2\/media\/12783"}],"wp:attachment":[{"href":"https:\/\/portal.remanso-noticias.com\/index.php?rest_route=%2Fwp%2Fv2%2Fmedia&parent=12782"}],"wp:term":[{"taxonomy":"category","embeddable":true,"href":"https:\/\/portal.remanso-noticias.com\/index.php?rest_route=%2Fwp%2Fv2%2Fcategories&post=12782"},{"taxonomy":"post_tag","embeddable":true,"href":"https:\/\/portal.remanso-noticias.com\/index.php?rest_route=%2Fwp%2Fv2%2Ftags&post=12782"}],"curies":[{"name":"wp","href":"https:\/\/api.w.org\/{rel}","templated":true}]}}