{"id":10581,"date":"2013-11-18T19:12:00","date_gmt":"2013-11-18T19:12:00","guid":{"rendered":"https:\/\/192.185.176.80\/~reman823\/2013\/11\/de-fio-dental-juju-salimeni-exibe-seu-belo-corpao\/"},"modified":"2013-11-18T19:12:00","modified_gmt":"2013-11-18T19:12:00","slug":"de-fio-dental-juju-salimeni-exibe-seu-belo-corpao","status":"publish","type":"post","link":"https:\/\/portal.remanso-noticias.com\/?p=10581","title":{"rendered":"De fio dental, Juju Salimeni exibe seu belo corp\u00e3o"},"content":{"rendered":"<p><span style=\"font-size: small;\"><span style=\"font-family: Arial,Helvetica,sans-serif;\">A ex-panicat Juju Salimeni desembarcou em solo baiano neste fim de semana. Em seu perfil no Instagram, a modelo divulgou fotos exibindo o corpo em forma. Salimeni est\u00e1 na Costa do Sau\u00edpe e deve retornar ainda neste domingo (17).<\/span><\/span><br \/><span style=\"font-size: small;\"><span style=\"font-family: Arial,Helvetica,sans-serif;\"><br \/><\/span><\/span><span style=\"font-size: small;\"><span style=\"font-family: Arial,Helvetica,sans-serif;\">Na legenda da foto:  &#8220;Curtindo o sol com esse biqu\u00edni mara da minha cole\u00e7\u00e3o&#8221;. <\/span><\/span><br \/><span style=\"font-size: small;\"><span style=\"font-family: Arial,Helvetica,sans-serif;\"><br \/><\/span><\/span><\/p>\n<div style=\"clear: both; text-align: center;\"><span style=\"font-size: small;\"><span style=\"font-family: Arial,Helvetica,sans-serif;\"><a href=\"https:\/\/3.bp.blogspot.com\/-68VC1N7IXeM\/UoplJAsux1I\/AAAAAAAAVhc\/SqKHWwhazwE\/s1600\/juju_salimeni_costa_do_sauipe.jpg\" style=\"margin-left: 1em; margin-right: 1em;\"><img decoding=\"async\" border=\"0\" src=\"https:\/\/3.bp.blogspot.com\/-68VC1N7IXeM\/UoplJAsux1I\/AAAAAAAAVhc\/SqKHWwhazwE\/s1600\/juju_salimeni_costa_do_sauipe.jpg\" \/><\/a><\/span><\/span><\/div>\n","protected":false},"excerpt":{"rendered":"<p>A ex-panicat Juju Salimeni desembarcou em solo baiano neste fim de semana. Em seu perfil no Instagram, a modelo divulgou fotos exibindo o corpo em forma. Salimeni est\u00e1 na Costa do Sau\u00edpe e deve retornar ainda neste domingo (17).Na legenda da foto: &#8220;Curtindo o sol com esse biqu\u00edni mara da minha cole\u00e7\u00e3o&#8221;.<\/p>\n","protected":false},"author":2,"featured_media":0,"comment_status":"open","ping_status":"open","sticky":false,"template":"","format":"standard","meta":{"footnotes":""},"categories":[3],"tags":[],"class_list":["post-10581","post","type-post","status-publish","format-standard","hentry","category-entretenimento"],"_links":{"self":[{"href":"https:\/\/portal.remanso-noticias.com\/index.php?rest_route=\/wp\/v2\/posts\/10581","targetHints":{"allow":["GET"]}}],"collection":[{"href":"https:\/\/portal.remanso-noticias.com\/index.php?rest_route=\/wp\/v2\/posts"}],"about":[{"href":"https:\/\/portal.remanso-noticias.com\/index.php?rest_route=\/wp\/v2\/types\/post"}],"author":[{"embeddable":true,"href":"https:\/\/portal.remanso-noticias.com\/index.php?rest_route=\/wp\/v2\/users\/2"}],"replies":[{"embeddable":true,"href":"https:\/\/portal.remanso-noticias.com\/index.php?rest_route=%2Fwp%2Fv2%2Fcomments&post=10581"}],"version-history":[{"count":0,"href":"https:\/\/portal.remanso-noticias.com\/index.php?rest_route=\/wp\/v2\/posts\/10581\/revisions"}],"wp:attachment":[{"href":"https:\/\/portal.remanso-noticias.com\/index.php?rest_route=%2Fwp%2Fv2%2Fmedia&parent=10581"}],"wp:term":[{"taxonomy":"category","embeddable":true,"href":"https:\/\/portal.remanso-noticias.com\/index.php?rest_route=%2Fwp%2Fv2%2Fcategories&post=10581"},{"taxonomy":"post_tag","embeddable":true,"href":"https:\/\/portal.remanso-noticias.com\/index.php?rest_route=%2Fwp%2Fv2%2Ftags&post=10581"}],"curies":[{"name":"wp","href":"https:\/\/api.w.org\/{rel}","templated":true}]}}