{"id":10477,"date":"2013-12-28T15:24:00","date_gmt":"2013-12-28T15:24:00","guid":{"rendered":"https:\/\/192.185.176.80\/~reman823\/2013\/12\/premio-melhor-apresentador-policial-de-2013-da-tv-baiana\/"},"modified":"2014-04-02T22:23:15","modified_gmt":"2014-04-02T22:23:15","slug":"premio-melhor-apresentador-policial-de-2013-da-tv-baiana","status":"publish","type":"post","link":"https:\/\/portal.remanso-noticias.com\/?p=10477","title":{"rendered":"Premio melhor apresentador policial de 2013 da TV Baiana"},"content":{"rendered":"<div style=\"clear: both; text-align: center;\"><a href=\"https:\/\/192.185.176.80\/~reman823\/wp-content\/uploads\/2013\/12\/64327_Papel-de-Parede-Fundo-Preto_1280x1024.jpg\" style=\"clear: left; float: left; margin-bottom: 1em; margin-right: 1em;\"><img decoding=\"async\" border=\"0\" src=\"https:\/\/192.185.176.80\/~reman823\/wp-content\/uploads\/2013\/12\/64327_Papel-de-Parede-Fundo-Preto_1280x1024-300x280.jpg\" \/><\/a><\/div>\n<p><span style=\"font-family: Arial, Helvetica, sans-serif;\">Escolher quem s\u00e3o os melhores n\u00e3o \u00e9 tarefa f\u00e1cil, ano em que destacamos excelentes apresentadores, programa e telejornais. Quem dir\u00e1 se o produto \u00e9 bom ou n\u00e3o ser\u00e1 o p\u00fablico.&nbsp;<\/span><br \/><span style=\"font-family: Arial, Helvetica, sans-serif;\"><br \/><\/span><span style=\"font-family: Arial, Helvetica, sans-serif;\">A TV produz a prefer\u00eancia do telespectador sempre buscando qualidade, embora algumas vezes, essa qualidade n\u00e3o seja satisfat\u00f3ria. O ano est\u00e1 terminando e \u00e9 hora de apontar o que agradou os telespectadores em 2013. A partir de hoje, voc\u00ea votar\u00e1 naqueles que conseguiram levar qualidade \u00e0 TV baiana no ano de 2013.&nbsp;<\/span><br \/><span style=\"font-family: Arial, Helvetica, sans-serif;\"><br \/><\/span><span style=\"font-family: Arial, Helvetica, sans-serif;\">Dentre aqueles que se destacaram, voc\u00ea escolher\u00e1 em cada categoria, qual merece ser chamado de \u201cO melhor\u201d.&nbsp;<\/span><br \/><span style=\"font-family: Arial, Helvetica, sans-serif;\"><br \/><\/span><\/p>\n<div style=\"text-align: left;\"><span style=\"font-family: Arial, Helvetica, sans-serif;\"><b>Qual o melhor apresentador policial na sua opini\u00e3o?<\/b><\/span><\/div>\n<div style=\"text-align: center;\"><span style=\"font-family: Arial, Helvetica, sans-serif;\"><br \/><\/span><\/div>\n<div style=\"clear: both; text-align: center;\"><a href=\"https:\/\/192.185.176.80\/~reman823\/wp-content\/uploads\/2013\/12\/melhor-apresentador.jpg\" style=\"margin-left: 1em; margin-right: 1em;\"><img decoding=\"async\" border=\"0\" src=\"https:\/\/192.185.176.80\/~reman823\/wp-content\/uploads\/2013\/12\/melhor-apresentador.jpg\" \/><\/a><\/div>\n<div style=\"text-align: center;\"><span style=\"font-family: Arial, Helvetica, sans-serif;\"><br \/><\/span><\/div>\n<div style=\"text-align: center;\"><span style=\"font-family: Arial, Helvetica, sans-serif;\">1 &#8211; Z\u00e9 Eduardo (SE LIGA BOC\u00c3O)&nbsp;<\/span><\/div>\n<div style=\"text-align: center;\"><span style=\"font-family: Arial, Helvetica, sans-serif;\"><br \/><\/span><\/div>\n<div style=\"clear: both; text-align: center;\"><a href=\"https:\/\/192.185.176.80\/~reman823\/wp-content\/uploads\/2013\/12\/melhor-apresentador-3-.jpg\" style=\"margin-left: 1em; margin-right: 1em;\"><img decoding=\"async\" border=\"0\" src=\"https:\/\/192.185.176.80\/~reman823\/wp-content\/uploads\/2013\/12\/melhor-apresentador-3-.jpg\" \/><\/a><\/div>\n<div style=\"text-align: center;\"><span style=\"font-family: Arial, Helvetica, sans-serif;\"><br \/><\/span><\/div>\n<p><\/p>\n<div style=\"text-align: center;\"><span style=\"font-family: Arial, Helvetica, sans-serif;\">2 &#8211; An\u00e1lise Nicolau (VERDADE DO POVO)&nbsp;<\/span><\/div>\n<div style=\"text-align: center;\"><span style=\"font-family: Arial, Helvetica, sans-serif;\"><br \/><\/span><\/div>\n<p><span style=\"font-family: Arial, Helvetica, sans-serif;\"><\/span><\/p>\n<div style=\"clear: both; text-align: center;\"><span style=\"font-family: Arial, Helvetica, sans-serif;\"><a href=\"https:\/\/192.185.176.80\/~reman823\/wp-content\/uploads\/2013\/12\/melhor-apresentador-2-.jpg\" style=\"margin-left: 1em; margin-right: 1em;\"><img decoding=\"async\" border=\"0\" src=\"https:\/\/192.185.176.80\/~reman823\/wp-content\/uploads\/2013\/12\/melhor-apresentador-2-.jpg\" \/><\/a><\/span><\/div>\n<div style=\"text-align: center;\"><span style=\"font-family: Arial, Helvetica, sans-serif;\"><br \/><\/span><\/div>\n<div style=\"text-align: center;\"><span style=\"font-family: Arial, Helvetica, sans-serif;\">3 &#8211; Silvio Mendes (NA MIRA)&nbsp;<\/span><\/div>\n<div style=\"text-align: center;\"><span style=\"font-family: Arial, Helvetica, sans-serif;\"><br \/><\/span><\/div>\n<p><\/p>\n<div style=\"clear: both; text-align: center;\"><a href=\"https:\/\/192.185.176.80\/~reman823\/wp-content\/uploads\/2013\/12\/melhor-apresentador-1-.jpg\" style=\"margin-left: 1em; margin-right: 1em; text-align: center;\"><img decoding=\"async\" border=\"0\" src=\"https:\/\/192.185.176.80\/~reman823\/wp-content\/uploads\/2013\/12\/melhor-apresentador-1-.jpg\" \/><\/a><\/div>\n<div style=\"text-align: center;\"><span style=\"font-family: Arial, Helvetica, sans-serif;\"><br \/><\/span><\/div>\n<div style=\"text-align: center;\"><span style=\"font-family: Arial, Helvetica, sans-serif;\">4 &#8211; Uziel Bueno (BRASIL URGENTE)<\/span><\/div>\n<p><span style=\"font-family: Arial, Helvetica, sans-serif;\"><br \/><\/span><span style=\"font-family: Arial, Helvetica, sans-serif;\"><i><b>Da reda\u00e7\u00e3o: <\/b>rsonoticias@hotmail.com<\/i><\/span><\/p>\n","protected":false},"excerpt":{"rendered":"<p>Escolher quem s\u00e3o os melhores n\u00e3o \u00e9 tarefa f\u00e1cil, ano em que destacamos excelentes apresentadores, programa e telejornais. Quem dir\u00e1 se o produto \u00e9 bom ou n\u00e3o ser\u00e1 o p\u00fablico.&nbsp;A TV produz a prefer\u00eancia do telespectador sempre buscando qualidade, embora algumas vezes, essa qualidade n\u00e3o seja satisfat\u00f3ria. O ano est\u00e1 terminando e \u00e9 hora de [&hellip;]<\/p>\n","protected":false},"author":2,"featured_media":11469,"comment_status":"open","ping_status":"open","sticky":false,"template":"","format":"standard","meta":{"footnotes":""},"categories":[3],"tags":[],"class_list":["post-10477","post","type-post","status-publish","format-standard","has-post-thumbnail","hentry","category-entretenimento"],"_links":{"self":[{"href":"https:\/\/portal.remanso-noticias.com\/index.php?rest_route=\/wp\/v2\/posts\/10477","targetHints":{"allow":["GET"]}}],"collection":[{"href":"https:\/\/portal.remanso-noticias.com\/index.php?rest_route=\/wp\/v2\/posts"}],"about":[{"href":"https:\/\/portal.remanso-noticias.com\/index.php?rest_route=\/wp\/v2\/types\/post"}],"author":[{"embeddable":true,"href":"https:\/\/portal.remanso-noticias.com\/index.php?rest_route=\/wp\/v2\/users\/2"}],"replies":[{"embeddable":true,"href":"https:\/\/portal.remanso-noticias.com\/index.php?rest_route=%2Fwp%2Fv2%2Fcomments&post=10477"}],"version-history":[{"count":0,"href":"https:\/\/portal.remanso-noticias.com\/index.php?rest_route=\/wp\/v2\/posts\/10477\/revisions"}],"wp:featuredmedia":[{"embeddable":true,"href":"https:\/\/portal.remanso-noticias.com\/index.php?rest_route=\/wp\/v2\/media\/11469"}],"wp:attachment":[{"href":"https:\/\/portal.remanso-noticias.com\/index.php?rest_route=%2Fwp%2Fv2%2Fmedia&parent=10477"}],"wp:term":[{"taxonomy":"category","embeddable":true,"href":"https:\/\/portal.remanso-noticias.com\/index.php?rest_route=%2Fwp%2Fv2%2Fcategories&post=10477"},{"taxonomy":"post_tag","embeddable":true,"href":"https:\/\/portal.remanso-noticias.com\/index.php?rest_route=%2Fwp%2Fv2%2Ftags&post=10477"}],"curies":[{"name":"wp","href":"https:\/\/api.w.org\/{rel}","templated":true}]}}