{"id":10460,"date":"2013-12-31T14:37:00","date_gmt":"2013-12-31T14:37:00","guid":{"rendered":"https:\/\/192.185.176.80\/~reman823\/2013\/12\/mec-abre-consulta-as-vagas-do-sisu\/"},"modified":"2014-04-02T22:22:56","modified_gmt":"2014-04-02T22:22:56","slug":"mec-abre-consulta-as-vagas-do-sisu","status":"publish","type":"post","link":"https:\/\/portal.remanso-noticias.com\/?p=10460","title":{"rendered":"MEC abre consulta \u00e0s vagas do Sisu"},"content":{"rendered":"<p><a href=\"https:\/\/192.185.176.80\/~reman823\/wp-content\/uploads\/2013\/12\/estudantes-vestibular-globo-20130108-7-size-598.jpg\" style=\"clear: left; float: left; margin-bottom: 1em; margin-right: 1em;\"><img decoding=\"async\" border=\"0\" src=\"https:\/\/192.185.176.80\/~reman823\/wp-content\/uploads\/2013\/12\/estudantes-vestibular-globo-20130108-7-size-598-300x241.jpg\" \/><\/a><span style=\"font-family: Arial, Helvetica, sans-serif;\">O Minist\u00e9rio da Educa\u00e7\u00e3o disponibilizou nesta ter\u00e7a-feira (31) a consulta para as vagas que os candidatos que fizeram o Exame Nacional do Ensino M\u00e9dio (Enem) poder\u00e3o se inscrever na edi\u00e7\u00e3o do primeiro semestre de 2014 do Sistema de Sele\u00e7\u00e3o Unificada (Sisu). A consulta pode ser feita no site sisu.mec.gov.br. <\/span><br \/><span style=\"font-family: Arial, Helvetica, sans-serif;\"><br \/><\/span><span style=\"font-family: Arial, Helvetica, sans-serif;\">As inscri\u00e7\u00f5es ser\u00e3o abertas na pr\u00f3xima segunda-feira (6). De acordo com as regras, as inscri\u00e7\u00f5es poder\u00e3o ser feitas at\u00e9 as 23h59 do dia 10 de janeiro, considerando o hor\u00e1rio oficial de Bras\u00edlia.<\/span><br \/><span style=\"font-family: Arial, Helvetica, sans-serif;\"><br \/><\/span><span style=\"font-family: Arial, Helvetica, sans-serif;\">Em outubro, o ministro da Educa\u00e7\u00e3o, Aloizio Mercadante, disse que a previs\u00e3o de divulga\u00e7\u00e3o das notas do Exame Nacional do Ensino M\u00e9dio (Enem) de 2013 seria feita na primeira semana de janeiro. A nota do Enem \u00e9 usada para selecionar os estudantes em cursos de institui\u00e7\u00f5es de ensino superior p\u00fablicas estaduais e federais pelo Sisu. Nesta edi\u00e7\u00e3o, a \u00fanica nota v\u00e1lida no Sisu \u00e9 a do Enem 2013, desde que o candidato n\u00e3o tenha tirado nota zero na prova de reda\u00e7\u00e3o.<\/span><br \/><span style=\"font-family: Arial, Helvetica, sans-serif;\"><br \/><\/span><span style=\"font-family: Arial, Helvetica, sans-serif;\"><a href=\"https:\/\/sisu.mec.gov.br\/cursos\" target=\"_blank\">Consulte as vagas do SISU<\/a><\/span><br \/><span style=\"font-family: Arial, Helvetica, sans-serif;\"><br \/><\/span><span style=\"font-family: Arial, Helvetica, sans-serif;\">O Sisu vai reservar at\u00e9 25% das vagas para alunos que fizeram todo o ensino m\u00e9dio em escolas p\u00fablicas.<\/span><br \/><span style=\"font-family: Arial, Helvetica, sans-serif;\"><b><br \/><\/b><\/span><span style=\"font-family: Arial, Helvetica, sans-serif;\"><b>Como participar<\/b><\/span><br \/><span style=\"font-family: Arial, Helvetica, sans-serif;\"><br \/><\/span><span style=\"font-family: Arial, Helvetica, sans-serif;\">Ao acessar o sistema, os estudantes poder\u00e3o checar todas as vagas dispon\u00edveis para a sele\u00e7\u00e3o. Por\u00e9m, cada estudante poder\u00e1 se inscrever em duas op\u00e7\u00f5es de vagas. No ato da inscri\u00e7\u00e3o, ser\u00e1 preciso escolher, em ordem de prefer\u00eancia das vagas, a institui\u00e7\u00e3o, o local de oferta, o curso e o turno em que ele \u00e9 ministrado.<\/span><br \/><span style=\"font-family: Arial, Helvetica, sans-serif;\"><br \/><\/span><span style=\"font-family: Arial, Helvetica, sans-serif;\">Entre os dias 6 e as 23h59 do dia 10, o estudante poder\u00e1 trocar suas op\u00e7\u00f5es no sistema quantas vezes quiser, e tamb\u00e9m cancelar sua inscri\u00e7\u00e3o. Durante o per\u00edodo, o Sisu informar\u00e1 a nota de corte de cada curso e turno, ou seja, a nota m\u00ednima para ser aprovado naquele curso, segundo o n\u00famero total de inscritos e o n\u00famero de vagas oferecidas. O Sisu considera apenas as \u00faltimas op\u00e7\u00f5es cadastradas no momento do fechamento das inscri\u00e7\u00f5es.<\/span><br \/><span style=\"font-family: Arial, Helvetica, sans-serif;\"><br \/><\/span><span style=\"font-family: Arial, Helvetica, sans-serif;\"><b>Sistema de a\u00e7\u00e3o afirmativa<\/b><\/span><br \/><span style=\"font-family: Arial, Helvetica, sans-serif;\"><br \/><\/span><span style=\"font-family: Arial, Helvetica, sans-serif;\">Na hora de fazer as duas op\u00e7\u00f5es de vaga, o candidato deve escolher uma das tr\u00eas modalidades de concorr\u00eancia: a concorr\u00eancia pelo sistema de cotas que segue a lei federal, a concorr\u00eancia pelo sistema de a\u00e7\u00e3o afirmativa determinado pela institui\u00e7\u00e3o de ensino que oferece a vaga, e a ampla concorr\u00eancia.<\/span><br \/><span style=\"font-family: Arial, Helvetica, sans-serif;\"><br \/><\/span><span style=\"font-family: Arial, Helvetica, sans-serif;\">Pela lei federal de cotas, em 2014 pelo menos 25% das vagas de cursos em institui\u00e7\u00f5es de ensino superior p\u00fablicas ser\u00e3o destinadas a alunos oriundos de escola p\u00fablica. Dentro desse grupo, metade das vagas ser\u00e3o reservadas a estudantes com renda familiar de at\u00e9 1,5 sal\u00e1rio-m\u00ednimo. Outra parte ser\u00e1 ocupada por alunos negros, pardos e ind\u00edgenas, em divis\u00e3o feita proporcionalmente \u00e0 porcentagem de negros, pardos e \u00edndios na popula\u00e7\u00e3o do estado da institui\u00e7\u00e3o, segundo o Censo do Instituto Brasileiro de Geografia e Estat\u00edstica (IBGE).<\/span><br \/><span style=\"font-family: Arial, Helvetica, sans-serif;\"><br \/><\/span><span style=\"font-family: Arial, Helvetica, sans-serif;\">Apesar de as institui\u00e7\u00f5es serem obrigadas a oferecer pelo menos 25% das vagas nessas condi\u00e7\u00f5es no pr\u00f3ximo ano, elas s\u00e3o livres para aplicar outras medidas de a\u00e7\u00e3o afirmativa com as demais vagas.<\/span><br \/><span style=\"font-family: Arial, Helvetica, sans-serif;\"><br \/><\/span><span style=\"font-family: Arial, Helvetica, sans-serif;\"><b>Resultados<\/b><\/span><br \/><span style=\"font-family: Arial, Helvetica, sans-serif;\"><br \/><\/span><span style=\"font-family: Arial, Helvetica, sans-serif;\">No dia 13 de janeiro ser\u00e1 divulgada a primeira chamada do Sisu do primeiro semestre de 2014. Os candidatos aprovados dever\u00e3o fazer a matr\u00edcula nos dias 17, 20 e 21 de janeiro nas institui\u00e7\u00f5es de ensino que oferecem as vagas, apresentando os documentos exigidos por elas e pela lei federal de cotas.<\/span><br \/><span style=\"font-family: Arial, Helvetica, sans-serif;\"><br \/><\/span><span style=\"font-family: Arial, Helvetica, sans-serif;\">A segunda chamada ser\u00e1 divulgada no dia 27 de janeiro, e a matr\u00edcula dever\u00e1 ser feita nos dias 31 de janeiro e 3 e 4 de fevereiro.<\/span><br \/><span style=\"font-family: Arial, Helvetica, sans-serif;\"><br \/><\/span><span style=\"font-family: Arial, Helvetica, sans-serif;\">Os candidatos que n\u00e3o forem convocados nas duas chamadas ter\u00e3o entre os dias 27 de janeiro e 7 de fevereiro para manifestar interesse em participar da lista de espera, usada pelas institui\u00e7\u00f5es de ensino para preencher as vagas que ainda estiverem abertas.<\/span><br \/><span style=\"font-family: Arial, Helvetica, sans-serif;\"><br \/><\/span><span style=\"font-family: Arial, Helvetica, sans-serif;\"><b>Cronograma do Sisu 2014<\/b><\/span><br \/><span style=\"font-family: Arial, Helvetica, sans-serif;\"><br \/><\/span><span style=\"font-family: Arial, Helvetica, sans-serif;\"><b>In\u00edcio das inscri\u00e7\u00f5es: 6 de janeiro<\/b><\/span><br \/><span style=\"font-family: Arial, Helvetica, sans-serif;\"><b>Fim das inscri\u00e7\u00f5es: 10 de janeiro (\u00e0s 23h59 do hor\u00e1rio de Bras\u00edlia)&nbsp;<\/b><\/span><br \/><span style=\"font-family: Arial, Helvetica, sans-serif;\"><b>Primeira chamada: 13 de janeiro&nbsp;<\/b><\/span><br \/><span style=\"font-family: Arial, Helvetica, sans-serif;\"><b>Matr\u00edcula da primeira chamada: 17, 20 e 21 de janeiro&nbsp;<\/b><\/span><br \/><span style=\"font-family: Arial, Helvetica, sans-serif;\"><b>Segunda chamada: 27 de janeiro&nbsp;<\/b><\/span><br \/><span style=\"font-family: Arial, Helvetica, sans-serif;\"><b>Matr\u00edcula da segunda chamada: 31 de janeiro, 3 e 4 de fevereiro&nbsp;<\/b><\/span><br \/><span style=\"font-family: Arial, Helvetica, sans-serif;\"><b>Inscri\u00e7\u00e3o na lista de espera: 27 de janeiro a 7 de fevereiro (\u00e0s 23h59)<\/b><\/span><\/p>\n","protected":false},"excerpt":{"rendered":"<p>O Minist\u00e9rio da Educa\u00e7\u00e3o disponibilizou nesta ter\u00e7a-feira (31) a consulta para as vagas que os candidatos que fizeram o Exame Nacional do Ensino M\u00e9dio (Enem) poder\u00e3o se inscrever na edi\u00e7\u00e3o do primeiro semestre de 2014 do Sistema de Sele\u00e7\u00e3o Unificada (Sisu). A consulta pode ser feita no site sisu.mec.gov.br. As inscri\u00e7\u00f5es ser\u00e3o abertas na pr\u00f3xima [&hellip;]<\/p>\n","protected":false},"author":2,"featured_media":11427,"comment_status":"open","ping_status":"open","sticky":false,"template":"","format":"standard","meta":{"footnotes":""},"categories":[5],"tags":[],"class_list":["post-10460","post","type-post","status-publish","format-standard","has-post-thumbnail","hentry","category-geral"],"_links":{"self":[{"href":"https:\/\/portal.remanso-noticias.com\/index.php?rest_route=\/wp\/v2\/posts\/10460","targetHints":{"allow":["GET"]}}],"collection":[{"href":"https:\/\/portal.remanso-noticias.com\/index.php?rest_route=\/wp\/v2\/posts"}],"about":[{"href":"https:\/\/portal.remanso-noticias.com\/index.php?rest_route=\/wp\/v2\/types\/post"}],"author":[{"embeddable":true,"href":"https:\/\/portal.remanso-noticias.com\/index.php?rest_route=\/wp\/v2\/users\/2"}],"replies":[{"embeddable":true,"href":"https:\/\/portal.remanso-noticias.com\/index.php?rest_route=%2Fwp%2Fv2%2Fcomments&post=10460"}],"version-history":[{"count":0,"href":"https:\/\/portal.remanso-noticias.com\/index.php?rest_route=\/wp\/v2\/posts\/10460\/revisions"}],"wp:featuredmedia":[{"embeddable":true,"href":"https:\/\/portal.remanso-noticias.com\/index.php?rest_route=\/wp\/v2\/media\/11427"}],"wp:attachment":[{"href":"https:\/\/portal.remanso-noticias.com\/index.php?rest_route=%2Fwp%2Fv2%2Fmedia&parent=10460"}],"wp:term":[{"taxonomy":"category","embeddable":true,"href":"https:\/\/portal.remanso-noticias.com\/index.php?rest_route=%2Fwp%2Fv2%2Fcategories&post=10460"},{"taxonomy":"post_tag","embeddable":true,"href":"https:\/\/portal.remanso-noticias.com\/index.php?rest_route=%2Fwp%2Fv2%2Ftags&post=10460"}],"curies":[{"name":"wp","href":"https:\/\/api.w.org\/{rel}","templated":true}]}}