{"id":10428,"date":"2014-01-13T02:23:00","date_gmt":"2014-01-13T02:23:00","guid":{"rendered":"https:\/\/192.185.176.80\/~reman823\/2014\/01\/acidente-entre-dois-jovens-em-motocicletas-na-br-235-em-remanso\/"},"modified":"2014-04-02T22:22:32","modified_gmt":"2014-04-02T22:22:32","slug":"acidente-entre-dois-jovens-em-motocicletas-na-br-235-em-remanso","status":"publish","type":"post","link":"https:\/\/portal.remanso-noticias.com\/?p=10428","title":{"rendered":"Acidente entre dois jovens em Motocicletas na BR-235 em Remanso"},"content":{"rendered":"<div style=\"clear: both; text-align: left;\"><span style=\"font-family: Arial, Helvetica, sans-serif;\">Hoje (12\/01) por volta de 15:30, aconteceu um acidente entre dois jovens em Motocicletas na BR-235 em frente ao Posto Imperial.<\/span><\/div>\n<div><span style=\"font-family: Arial, Helvetica, sans-serif;\"><br \/><\/span><\/div>\n<div><span style=\"font-family: Arial, Helvetica, sans-serif;\">O Acidente aconteceu pois uma das Motocicletas colidiu de frente com a outra, que levou um dos jovens n\u00e3o identificados a fratura grave na perna.<o:p><\/o:p><\/span><\/div>\n<div><span style=\"font-family: Arial, Helvetica, sans-serif;\"><br \/><\/span><\/p>\n<div style=\"clear: both; text-align: center;\"><a href=\"https:\/\/192.185.176.80\/~reman823\/wp-content\/uploads\/2014\/01\/acidente.jpg\" style=\"margin-left: 1em; margin-right: 1em;\"><img decoding=\"async\" border=\"0\" src=\"https:\/\/192.185.176.80\/~reman823\/wp-content\/uploads\/2014\/01\/acidente.jpg\" \/><\/a><\/div>\n<p><span style=\"font-family: Arial, Helvetica, sans-serif;\"><br \/><\/span><span style=\"font-family: Arial, Helvetica, sans-serif;\">O Servi\u00e7o de Atendimento M\u00f3vel de Urg\u00eancia (SAMU) demorou cerca de 12 minutos para chegar no local do acidente.<\/span><\/div>\n<div><span style=\"font-family: Arial, Helvetica, sans-serif;\"><br \/><\/span><\/div>\n<div><span style=\"font-family: Arial, Helvetica, sans-serif;\">Esses jovens estavam em dire\u00e7\u00e3o (Id\u00e1 e volta) ao evento que estava sendo realizado no Povoado do Novo Marcos, o MOTO ARRANCADA.<o:p><\/o:p><\/span><\/div>\n<div><span style=\"font-family: Arial, Helvetica, sans-serif;\"><br \/><\/span><\/div>\n<div><span style=\"font-family: Arial, Helvetica, sans-serif;\">\u00c9 um perigo, v\u00e1rios&nbsp;ve\u00edculos&nbsp;circulando em uma BR movimentada como essa.<\/span><\/div>\n<div><span style=\"font-family: Arial, Helvetica, sans-serif;\"><br \/><\/span><\/div>\n<div><span style=\"font-family: Arial, Helvetica, sans-serif;\"><br \/><\/span><\/div>\n<div><span style=\"font-family: Arial, Helvetica, sans-serif;\"><i><b>Informa\u00e7\u00f5es:<\/b>&nbsp;Pessoas&nbsp;pr\u00f3ximas&nbsp;ao local<\/i><\/span><\/div>\n<div><span style=\"font-family: Arial, Helvetica, sans-serif;\"><i><b>Da reda\u00e7\u00e3o:<\/b> rsonoticias@hotmail.com<\/i><\/span><\/div>\n","protected":false},"excerpt":{"rendered":"<p>Hoje (12\/01) por volta de 15:30, aconteceu um acidente entre dois jovens em Motocicletas na BR-235 em frente ao Posto Imperial. O Acidente aconteceu pois uma das Motocicletas colidiu de frente com a outra, que levou um dos jovens n\u00e3o identificados a fratura grave na perna. O Servi\u00e7o de Atendimento M\u00f3vel de Urg\u00eancia (SAMU) demorou [&hellip;]<\/p>\n","protected":false},"author":2,"featured_media":11384,"comment_status":"open","ping_status":"open","sticky":false,"template":"","format":"standard","meta":{"footnotes":""},"categories":[6],"tags":[],"class_list":["post-10428","post","type-post","status-publish","format-standard","has-post-thumbnail","hentry","category-remanso"],"_links":{"self":[{"href":"https:\/\/portal.remanso-noticias.com\/index.php?rest_route=\/wp\/v2\/posts\/10428","targetHints":{"allow":["GET"]}}],"collection":[{"href":"https:\/\/portal.remanso-noticias.com\/index.php?rest_route=\/wp\/v2\/posts"}],"about":[{"href":"https:\/\/portal.remanso-noticias.com\/index.php?rest_route=\/wp\/v2\/types\/post"}],"author":[{"embeddable":true,"href":"https:\/\/portal.remanso-noticias.com\/index.php?rest_route=\/wp\/v2\/users\/2"}],"replies":[{"embeddable":true,"href":"https:\/\/portal.remanso-noticias.com\/index.php?rest_route=%2Fwp%2Fv2%2Fcomments&post=10428"}],"version-history":[{"count":0,"href":"https:\/\/portal.remanso-noticias.com\/index.php?rest_route=\/wp\/v2\/posts\/10428\/revisions"}],"wp:featuredmedia":[{"embeddable":true,"href":"https:\/\/portal.remanso-noticias.com\/index.php?rest_route=\/wp\/v2\/media\/11384"}],"wp:attachment":[{"href":"https:\/\/portal.remanso-noticias.com\/index.php?rest_route=%2Fwp%2Fv2%2Fmedia&parent=10428"}],"wp:term":[{"taxonomy":"category","embeddable":true,"href":"https:\/\/portal.remanso-noticias.com\/index.php?rest_route=%2Fwp%2Fv2%2Fcategories&post=10428"},{"taxonomy":"post_tag","embeddable":true,"href":"https:\/\/portal.remanso-noticias.com\/index.php?rest_route=%2Fwp%2Fv2%2Ftags&post=10428"}],"curies":[{"name":"wp","href":"https:\/\/api.w.org\/{rel}","templated":true}]}}